{"id":40605,"date":"2019-06-14T05:20:08","date_gmt":"2019-06-14T09:20:08","guid":{"rendered":"https:\/\/linitiative.ca\/International\/acte-17-pensees-pour-les-victimes-de-la-repression-sanglante-du-14-juin-2001\/"},"modified":"2019-06-14T05:20:08","modified_gmt":"2019-06-14T09:20:08","slug":"acte-17-pensees-pour-les-victimes-de-la-repression-sanglante-du-14-juin-2001","status":"publish","type":"post","link":"https:\/\/linitiative.ca\/International\/acte-17-pensees-pour-les-victimes-de-la-repression-sanglante-du-14-juin-2001\/","title":{"rendered":"Acte 17 : pens\u00e9es pour les victimes de la r\u00e9pression sanglante du 14 juin 2001"},"content":{"rendered":"<h4 class=\"title-14\"\/>\n<p>La marche d\u2019aujourd\u2019hui, \u00e0 Alger, dans le sillage des actions hebdomadaires enclench\u00e9es depuis le 22 f\u00e9vrier dernier pour exiger le d\u00e9part du syst\u00e8me, rappelle incontestablement un \u00e9v\u00e9nement ancr\u00e9 dans l\u2019histoire et qui s\u2019est d\u00e9roul\u00e9 dans la capitale.<\/p>\n<p>Qui ne se souvient pas du 14 juin 2001, lors que la marche historique qui avait fait d\u00e9placer, \u00e0 Alger, des millions de citoyens venus des contr\u00e9es lointaines de Kabylie pour crier leur ras-le-bol et d\u00e9noncer la r\u00e9pression sanglante du pouvoir qui s\u2019est abattue sur la r\u00e9gion apr\u00e8s les manifestations de rue organis\u00e9es par la population suite \u00e0 la mort de Guermah Massinissa, dit Moumouh, \u00e0 l\u2019int\u00e9rieur de la brigade de la gendarmerie de Beni Douala ?<\/p>\n<p>Ce fut ainsi l\u2019\u00e9tincelle d\u2019une trag\u00e9die qui a co\u00fbt\u00e9 la vie \u00e0 plus de 126 autres personnes. Spontan\u00e9ment, la r\u00e9gion sombrera dans un embrasement qui s\u2019est propag\u00e9 d\u2019un seul coup.<\/p>\n<p>La marche de 14 juin se voulait, en somme, une manifestation pour interpeller les d\u00e9cideurs \u00e0 r\u00e9pondre aux revendications citoyennes contenues dans la plate forme d\u2019El Kseur et issues des premiers conclaves de la coordination des Aarchs.<\/p>\n<p>D\u2019ailleurs, pour rappel, quelques semaines apr\u00e8s le soul\u00e8vement populaire en Kabylie et la r\u00e9pression qui s\u2019en est suivie, des citoyens se sont concert\u00e9s pour maintenir la r\u00e9volte sous forme de contestation pacifique afin arr\u00eater l\u2019effusion de sang.<\/p>\n<p><strong>Marche sur Alger<\/strong><\/p>\n<p>Ainsi, moins de deux mois apr\u00e8s la mort de Guermah Massinissa et d\u2019autres jeunes tomb\u00e9s lors des \u00e9meutes qu\u2019a connues la r\u00e9gion, les d\u00e9l\u00e9gu\u00e9s des Aarchs, issus des villages et quartiers de la Kabylie, ont d\u00e9cid\u00e9 de marcher \u00e0 Alger pour se faire entendre et mettre la pression sur les d\u00e9cideurs afin de satisfaire la plateforme d\u2019El Kseur. Malheureusement, cette grande d\u00e9monstration a \u00e9t\u00e9 r\u00e9prim\u00e9e dans le sang. \u00abIl y avait plus de quatre millions de personnes descendues \u00e0 Alger pour r\u00e9clamer une nouvelle \u00e8re pour l\u2019Alg\u00e9rie.<\/p>\n<p>C\u2019\u00e9tait un raz-de-mar\u00e9e humain qui a \u00e9t\u00e9 accueilli pas des bombes lacrymog\u00e8nes, des balles et des armes blanches. Le pouvoir est arriv\u00e9 jusqu\u2019\u00e0 monter les habitants d\u2019Alger contre les manifestants. Il a jou\u00e9 la carte de la division pour continuer son r\u00e8gne. Mais, aujourd\u2019hui, les m\u00eames personnes manipul\u00e9es contre les marcheurs de 2001 ont compris, mais avec, malheureusement, 18 ans de retard, qu\u2019il s\u2019agissait d\u2019un complot foment\u00e9 par le r\u00e9gime pour \u00e9touffer la contestation citoyenne\u00bb, nous dira un ancien d\u00e9l\u00e9gu\u00e9 du mouvement citoyen.<\/p>\n<p><strong>Le m\u00eame combat<\/strong><\/p>\n<p>Notre interlocuteur estime que ce qui est r\u00e9clam\u00e9 aujourd\u2019hui concorde parfaitement avec ce qui \u00e9tait demand\u00e9 lors des \u00e9v\u00e9nements de Kabylie. Abdelghani, fr\u00e8re du jeune qui a \u00e9crit \u00abLibert\u00e9\u00bb avec son sang sur un mur \u00e0 Azazga, quelques minutes avant de rendre son dernier soupir, quand il a \u00e9t\u00e9 tu\u00e9 par des gendarmes en 2001, voit aussi que c\u2019est le m\u00eame combat qui se poursuit en 2019 car, nous a-t-il confi\u00e9, le peuple exige le d\u00e9part de ceux qui sont responsables de la trag\u00e9die qui a endeuill\u00e9 toute une r\u00e9gion. \u00abLe 22 f\u00e9vrier est la suite logique de 2001. Seulement, cette ann\u00e9e, le coup de force populaire a r\u00e9ussi \u00e0 lib\u00e9rer Alger qui \u00e9tait interdite aux marches.<\/p>\n<p>Aujourd\u2019hui, \u00e0 l\u2019occasion du 18e anniversaire de la marche noire de 2001, nous marcherons \u00e0 Alger en guise d\u2019hommage \u00e0 tous les martyrs et bless\u00e9s du Printemps noir\u00bb, ajoute-t-il tout en se rappelant de ce jeudi fatidique du 14 juin 2001 quand il avait pris part \u00e0 cette manifestation historique.<\/p>\n<p>Plusieurs autres citoyens interrog\u00e9s nous ont pr\u00e9cis\u00e9 que le soul\u00e8vement enclench\u00e9 \u00e0 travers tout le territoire national depuis le 22 f\u00e9vrier dernier \u00abaurait pu se produire il y a plusieurs ann\u00e9es avant s\u2019il n\u2019y a pas eu ce coup de force du r\u00e9gime qui s\u2019est maintenu gr\u00e2ce \u00e0 l\u2019argent du p\u00e9trole utilis\u00e9 dans la corruption \u00e0 grande \u00e9chelle\u00bb.<\/p>\n<p>Enfin, 18 ans apr\u00e8s la r\u00e9pression sanglante de la marche des Aarchs de Kabylie \u00e0 Alger, le peuple reprend le droit de manifester dans la capitale, o\u00f9 chaque vendredi des millions de personnes issues de toutes les wilayas du pays manifestent dans le calme pour le d\u00e9part d\u2019un syst\u00e8me qui a r\u00e9prim\u00e9, en 2001, des jeunes. Ces derniers r\u00e9clamaient, haut et fort, une Alg\u00e9rie meilleure. Ce slogan fait, d\u2019ailleurs, partie des principaux mots d\u2019ordre du mouvement populaire de 2019.<\/p>\n<p><span class=\"post-views-label\">Post Views:<\/span> <span class=\"post-views-count\">1\u00a0047<\/span><\/p>\n<p>Auteur: Hicham Chouadria<br \/>\n<a href=\"https:\/\/www.elwatan.com\/edition\/actualite\/acte-17-pensees-pour-les-victimes-de-la-repression-sanglante-du-14-juin-2001-14-06-2019\">Cliquez ici pour lire l&rsquo;article depuis sa source.<\/a><\/p>\n","protected":false},"excerpt":{"rendered":"<p>La marche d\u2019aujourd\u2019hui, \u00e0 Alger, dans le sillage des actions hebdomadaires enclench\u00e9es depuis le 22 f\u00e9vrier dernier pour exiger le d\u00e9part du syst\u00e8me, rappelle incontestablement un \u00e9v\u00e9nement ancr\u00e9 dans l\u2019histoire et qui s\u2019est d\u00e9roul\u00e9 dans la capitale. Qui ne se souvient pas du 14 juin 2001, lors que la marche historique qui avait fait d\u00e9placer, [&hellip;]<\/p>\n","protected":false},"author":1743,"featured_media":0,"comment_status":"closed","ping_status":"closed","sticky":false,"template":"","format":"standard","meta":{"fifu_image_url":"","fifu_image_alt":"","footnotes":""},"categories":[73,53],"tags":[],"class_list":["post-40605","post","type-post","status-publish","format-standard","hentry","category-actualite","category-algerie"],"_links":{"self":[{"href":"https:\/\/linitiative.ca\/International\/wp-json\/wp\/v2\/posts\/40605","targetHints":{"allow":["GET"]}}],"collection":[{"href":"https:\/\/linitiative.ca\/International\/wp-json\/wp\/v2\/posts"}],"about":[{"href":"https:\/\/linitiative.ca\/International\/wp-json\/wp\/v2\/types\/post"}],"author":[{"embeddable":true,"href":"https:\/\/linitiative.ca\/International\/wp-json\/wp\/v2\/users\/1743"}],"replies":[{"embeddable":true,"href":"https:\/\/linitiative.ca\/International\/wp-json\/wp\/v2\/comments?post=40605"}],"version-history":[{"count":0,"href":"https:\/\/linitiative.ca\/International\/wp-json\/wp\/v2\/posts\/40605\/revisions"}],"wp:attachment":[{"href":"https:\/\/linitiative.ca\/International\/wp-json\/wp\/v2\/media?parent=40605"}],"wp:term":[{"taxonomy":"category","embeddable":true,"href":"https:\/\/linitiative.ca\/International\/wp-json\/wp\/v2\/categories?post=40605"},{"taxonomy":"post_tag","embeddable":true,"href":"https:\/\/linitiative.ca\/International\/wp-json\/wp\/v2\/tags?post=40605"}],"curies":[{"name":"wp","href":"https:\/\/api.w.org\/{rel}","templated":true}]}}