{"id":40606,"date":"2019-06-14T05:25:43","date_gmt":"2019-06-14T09:25:43","guid":{"rendered":"https:\/\/linitiative.ca\/International\/ali-ghediri-devant-le-juge-et-les-freres-oulmi-entendus-par-les-gendarmes\/"},"modified":"2019-06-14T05:25:43","modified_gmt":"2019-06-14T09:25:43","slug":"ali-ghediri-devant-le-juge-et-les-freres-oulmi-entendus-par-les-gendarmes","status":"publish","type":"post","link":"https:\/\/linitiative.ca\/International\/ali-ghediri-devant-le-juge-et-les-freres-oulmi-entendus-par-les-gendarmes\/","title":{"rendered":"Ali Ghediri devant le juge et les fr\u00e8res Oulmi entendus par les gendarmes"},"content":{"rendered":"<h4 class=\"title-14\"\/>\n<p>Le g\u00e9n\u00e9ral \u00e0 la retraite, Ali Ghediri, et candidat \u00e0 l\u2019\u00e9lection pr\u00e9sidentielle annul\u00e9e, a \u00e9t\u00e9 interpell\u00e9 mercredi dernier par des officiers de la Direction de la s\u00e9curit\u00e9 int\u00e9rieure (DSI), qui l\u2019ont maintenu jusqu\u2019\u00e0 3 heures du matin (de jeudi).<\/p>\n<p>Hier, il a \u00e9t\u00e9 convoqu\u00e9 par le tribunal de Dar El Be\u00efda, o\u00f9 il a \u00e9t\u00e9 entendu par un juge d\u2019instruction. Durant la m\u00eame journ\u00e9e, le patron de Sovac, Mourad Oulmi, et son fr\u00e8re-associ\u00e9, \u00e9taient \u00e9galement entendus par les gendarmes.<\/p>\n<p>L\u2019information a fait le tour des r\u00e9dactions mercredi dernier en fin de journ\u00e9e. Ali Ghediri, le g\u00e9n\u00e9ral \u00e0 la retraite, candidat \u00e0 la derni\u00e8re \u00e9lection pr\u00e9sidentielle annul\u00e9e, a \u00e9t\u00e9 interpell\u00e9 par des officiers de la DSI alors qu\u2019il se trouvait chez lui, et a \u00e9t\u00e9 conduit dans leurs bureaux se trouvant \u00e0 Hydra, sur les hauteurs d\u2019Alger.<\/p>\n<p>Aucun d\u00e9tail sur les raisons de cette interpellation jusqu\u2019\u00e0 ce qu\u2019il soit rel\u00e2ch\u00e9 hier jeudi vers 3 heures du matin. \u00abJ\u2019ai \u00e9t\u00e9 interrog\u00e9 surtout sur la situation politique, mais je ne sais pas pour quel grief j\u2019ai \u00e9t\u00e9 interpell\u00e9 et auditionn\u00e9\u00bb, nous a-t-il d\u00e9clar\u00e9 hier matin, pr\u00e9cisant que les officiers l\u2019ont inform\u00e9 qu\u2019il \u00e9tait convoqu\u00e9 \u00e0 15h au tribunal de Dar El Be\u00efda. Il s\u2019y est pr\u00e9sent\u00e9 et jusqu\u2019en fin de journ\u00e9e d\u2019hier encore, il \u00e9tait toujours en train d\u2019\u00eatre auditionn\u00e9 par le juge d\u2019instruction.<\/p>\n<p><strong>Audition<\/strong><\/p>\n<p>Dans la matin\u00e9e d\u2019hier, c\u2019est le patron du groupe Sovac, Mourad Oulmi, et son fr\u00e8re-associ\u00e9, Khier, qui ont \u00e9t\u00e9 convoqu\u00e9s par la brigade de recherche de la gendarmerie nationale de Bab J\u2019did \u00e0 Alger, pour \u00eatre interrog\u00e9s sur de pr\u00e9sum\u00e9s faits li\u00e9s \u00e0 la \u00absurfacturation, violation de la r\u00e9glementation sur les changes et transfert de capitaux\u00bb.<\/p>\n<p>Les deux fr\u00e8res avaient d\u00e9j\u00e0 \u00e9t\u00e9 convoqu\u00e9s par les gendarmes dans le cadre de la m\u00eame enqu\u00eate il y a quelques semaines, au moment o\u00f9 le PDG, Mourad Oulmi, \u00e9tait \u00e0 l\u2019\u00e9tranger et qui \u00e9tait donn\u00e9 par certaines cha\u00eenes de t\u00e9l\u00e9vision priv\u00e9es comme en \u00e9tat de fuite. D\u00e8s son retour, il a \u00e9t\u00e9 entendu par les gendarmes qui lui ont demand\u00e9 de rester \u00e0 leur disposition.<\/p>\n<p>Il y a quelques jours, une convocation des m\u00eames services lui a \u00e9t\u00e9 transmise pour \u00eatre entendu. Il s\u2019est pr\u00e9sent\u00e9 \u00e0 la brigade de Bab J\u2019did hier matin avec son fr\u00e8re. Jusqu\u2019en fin de journ\u00e9e, le sort des Oulmi, Mourad et Khier, n\u2019\u00e9tait toujours pas connu.<\/p>\n<p><span class=\"post-views-label\">Post Views:<\/span> <span class=\"post-views-count\">1\u00a0552<\/span><\/p>\n<p>Auteur: Hicham Chouadria<br \/>\n<a href=\"https:\/\/www.elwatan.com\/edition\/actualite\/ali-ghediri-devant-le-juge-et-les-freres-oulmi-entendus-par-les-gendarmes-14-06-2019\">Cliquez ici pour lire l&rsquo;article depuis sa source.<\/a><\/p>\n","protected":false},"excerpt":{"rendered":"<p>Le g\u00e9n\u00e9ral \u00e0 la retraite, Ali Ghediri, et candidat \u00e0 l\u2019\u00e9lection pr\u00e9sidentielle annul\u00e9e, a \u00e9t\u00e9 interpell\u00e9 mercredi dernier par des officiers de la Direction de la s\u00e9curit\u00e9 int\u00e9rieure (DSI), qui l\u2019ont maintenu jusqu\u2019\u00e0 3 heures du matin (de jeudi). Hier, il a \u00e9t\u00e9 convoqu\u00e9 par le tribunal de Dar El Be\u00efda, o\u00f9 il a \u00e9t\u00e9 [&hellip;]<\/p>\n","protected":false},"author":1743,"featured_media":0,"comment_status":"closed","ping_status":"closed","sticky":false,"template":"","format":"standard","meta":{"fifu_image_url":"","fifu_image_alt":"","footnotes":""},"categories":[73,53],"tags":[],"class_list":["post-40606","post","type-post","status-publish","format-standard","hentry","category-actualite","category-algerie"],"_links":{"self":[{"href":"https:\/\/linitiative.ca\/International\/wp-json\/wp\/v2\/posts\/40606","targetHints":{"allow":["GET"]}}],"collection":[{"href":"https:\/\/linitiative.ca\/International\/wp-json\/wp\/v2\/posts"}],"about":[{"href":"https:\/\/linitiative.ca\/International\/wp-json\/wp\/v2\/types\/post"}],"author":[{"embeddable":true,"href":"https:\/\/linitiative.ca\/International\/wp-json\/wp\/v2\/users\/1743"}],"replies":[{"embeddable":true,"href":"https:\/\/linitiative.ca\/International\/wp-json\/wp\/v2\/comments?post=40606"}],"version-history":[{"count":0,"href":"https:\/\/linitiative.ca\/International\/wp-json\/wp\/v2\/posts\/40606\/revisions"}],"wp:attachment":[{"href":"https:\/\/linitiative.ca\/International\/wp-json\/wp\/v2\/media?parent=40606"}],"wp:term":[{"taxonomy":"category","embeddable":true,"href":"https:\/\/linitiative.ca\/International\/wp-json\/wp\/v2\/categories?post=40606"},{"taxonomy":"post_tag","embeddable":true,"href":"https:\/\/linitiative.ca\/International\/wp-json\/wp\/v2\/tags?post=40606"}],"curies":[{"name":"wp","href":"https:\/\/api.w.org\/{rel}","templated":true}]}}