{"id":40607,"date":"2019-06-14T05:30:42","date_gmt":"2019-06-14T09:30:42","guid":{"rendered":"https:\/\/linitiative.ca\/International\/affaire-ali-haddad-abdelmalek-sellal-et-amara-benyounes-incarceres-a-el-harrach\/"},"modified":"2019-06-14T05:30:42","modified_gmt":"2019-06-14T09:30:42","slug":"affaire-ali-haddad-abdelmalek-sellal-et-amara-benyounes-incarceres-a-el-harrach","status":"publish","type":"post","link":"https:\/\/linitiative.ca\/International\/affaire-ali-haddad-abdelmalek-sellal-et-amara-benyounes-incarceres-a-el-harrach\/","title":{"rendered":"Affaire Ali Haddad : Abdelmalek Sellal et Amara Benyoun\u00e8s incarc\u00e9r\u00e9s \u00e0 El Harrach"},"content":{"rendered":"<h4 class=\"title-14\"\/>\n<div class=\"featured_image\"><img width=\"800\" height=\"660\" data-cfsrc=\"https:\/\/www.elwatan.com\/wp-content\/uploads\/2019\/06\/UNE-525-14-juin-2019-e1560467604793.gif\" class=\"attachment-post-thumbnail size-post-thumbnail wp-post-image c1\" alt=\"\"\/><noscript><\/p>\n<p><img loading=\"lazy\" decoding=\"async\" width=\"800\" height=\"660\" src=\"https:\/\/www.elwatan.com\/wp-content\/uploads\/2019\/06\/UNE-525-14-juin-2019-e1560467604793.gif\" class=\"attachment-post-thumbnail size-post-thumbnail wp-post-image\" alt=\"\"\/><\/p>\n<p><\/noscript> <span class=\"featured-image-caption\">Dessin : Saad<\/span><\/div>\n<p>Apr\u00e8s l\u2019incarc\u00e9ration d\u2019Ahmed Ouyahia, mercredi dernier, c\u2019\u00e9tait au tour de son pr\u00e9d\u00e9cesseur au poste de Premier ministre, Abdelmalek Sellal, d\u2019\u00eatre plac\u00e9 sous mandat de d\u00e9p\u00f4t hier matin par le magistrat instructeur pr\u00e8s la Cour supr\u00eame.<\/p>\n<p>La d\u00e9cision a \u00e9t\u00e9 prise dans le cadre de l\u2019enqu\u00eate sur le dossier Ali Haddad, patron du groupe ETRHB et dans laquelle 12 hauts fonctionnaires de l\u2019Etat, les deux ex-Premiers ministres, d\u2019anciens ministres et walis sont poursuivis.<\/p>\n<p>Convoqu\u00e9 lui aussi, Amara Benyounes, ex-ministre du Commerce et pr\u00e9sident du MPA, a \u00e9t\u00e9 plac\u00e9 en d\u00e9tention provisoire en fin de journ\u00e9e, apr\u00e8s quatre heures d\u2019audition.<\/p>\n<p>Encore une fois, le si\u00e8ge de la Cour supr\u00eame \u00e0 Ben Aknoun, \u00e0 Alger, et les alentours de la prison d\u2019El Harrach ont connu hier un afflux important de citoyens et de journalistes venus immortaliser la pr\u00e9sentation et la mise en d\u00e9tention d\u2019anciens hauts fonctionnaires de l\u2019Etat, \u00e9clabouss\u00e9s par l\u2019affaire Ali Haddad, patron du groupe ETRHB, li\u00e9e \u00ab\u00e0 la violation de la r\u00e9glementation des march\u00e9s publics, octroi d\u2019indus privil\u00e8ges, trafic d\u2019influence, et abus de fonction\u00bb.<\/p>\n<p>En raison des fonctions qu\u2019ils occupaient au moment des faits reproch\u00e9s, tous ont \u00e9t\u00e9 d\u00e9f\u00e9r\u00e9s devant les magistrats de la Cour supr\u00eame, et les premiers \u00e0 avoir comparu devant le magistrat instructeur de cette haute juridiction, mercredi dernier, sont l\u2019ex-Premier ministre, deux fois chef de gouvernement, puis chef de cabinet du pr\u00e9sident d\u00e9chu, Ahmed Ouyahia, plac\u00e9 en d\u00e9tention apr\u00e8s deux heures et demie d\u2019audition, et l\u2019ex-ministre des Travaux publics et des Transports, Abdelghani Zaalane, plac\u00e9 sous contr\u00f4le judiciaire (et non pas incarc\u00e9r\u00e9 comme annonc\u00e9 dans notre \u00e9dition d\u2019hier), mesure que le parquet g\u00e9n\u00e9ral a contest\u00e9e en faisant appel aupr\u00e8s de la chambre d\u2019accusation.<\/p>\n<p>Hier, c\u2019\u00e9tait au tour de l\u2019ex-Premier ministre, Abdelmalek Sellal, et directeur de campagne pour le 4e mandat du pr\u00e9sident d\u00e9chu, mais aussi celle du 5e (avant que l\u2019\u00e9lection ne soit annul\u00e9e), d\u2019\u00eatre convoqu\u00e9 t\u00f4t dans la matin\u00e9e par le magistrat instructeur pour les m\u00eames griefs que son pr\u00e9d\u00e9cesseur, Ahmed Ouyahia.<\/p>\n<p>d\u00e9fil\u00e9 minist\u00e9riel C\u2019est vers 8h25 que son v\u00e9hicule, une Skoda blanche, a fait son entr\u00e9e \u00e0 la Cour supr\u00eame, sous les cam\u00e9ras des cha\u00eenes de t\u00e9l\u00e9vision priv\u00e9es pr\u00e9sentes en force. L\u2019attente aura dur\u00e9 moins de trois heures, avant qu\u2019il ne quitte le b\u00e2timent, non pas dans sa voiture, mais \u00e0 bord d\u2019un fourgon cellulaire pour \u00eatre transf\u00e9r\u00e9 \u00e0 la prison d\u2019El Harrach, apr\u00e8s sa mise sous mandat de d\u00e9p\u00f4t.<\/p>\n<p>Devant l\u2019\u00e9tablissement p\u00e9nitentiaire, de nombreux citoyens l\u2019attendaient en scandant : \u00abKlitou leblad, ya serrakine !\u00bb (vous avez pill\u00e9 le pays, bande de voleurs) en balan\u00e7ant des des pierres sur le v\u00e9hicule cellulaire, devant un dispositif policier d\u00e9pass\u00e9 par le mouvement de la foule agit\u00e9e autant par la col\u00e8re contre le d\u00e9tenu que par la joie de le voir franchir le seuil de la prison. Devant le b\u00e2timent de la Cour supr\u00eame, son avocat, Me Dehim, a tent\u00e9 quelques heures apr\u00e8s d\u2019apporter des pr\u00e9cisions aux nombreux journalistes pr\u00e9sents sur les lieux.<\/p>\n<p>\u00abCette d\u00e9cision (ndlr : d\u00e9tention) fait partie de la proc\u00e9dure. Abdelmalek Sellal est toujours consid\u00e9r\u00e9 comme innocent des faits qui lui sont reproch\u00e9s jusqu\u2019\u00e0 ce que qu\u2019il soit jug\u00e9 et condamn\u00e9 par un tribunal.\u00bb lev\u00e9e d\u2019immunit\u00e9 Vers 14h30, l\u2019ancien ministre du Commerce et pr\u00e9sident du MPA (Mouvement populaire alg\u00e9rien), Amara Benyounes, arrive \u00e0 la Cour supr\u00eame.<\/p>\n<p>Lui aussi est sur la liste des 12 anciens hauts fonctionnaires de l\u2019Etat cit\u00e9s dans le dossier Ali Haddad. Apr\u00e8s plus de quatre heures d\u2019audition, il est plac\u00e9 sous mandat de d\u00e9p\u00f4t. A 18h33, le fourgon cellulaire qui le transporte quitte la Cour supr\u00eame sur fond d\u2019applaudissements de citoyens rassembl\u00e9s devant le portail.<\/p>\n<p>Amara Benyounes est le premier ex-ministre \u00e0 \u00eatre incarc\u00e9r\u00e9. Dans le cadre de cette m\u00eame affaire, le ministre de la Justice, Slimane Brahmi, a demand\u00e9 au Conseil d\u2019Etat et \u00e0 l\u2019Assembl\u00e9e nationale de lever l\u2019immunit\u00e9 parlementaire de Amar Ghoul, s\u00e9nateur du tiers pr\u00e9sidentiel, et celle de Boudjemaa Tala\u00ef, d\u00e9put\u00e9 FLN, afin qu\u2019ils soient entendus par le juge d\u2019instruction \u00e9tant donn\u00e9 qu\u2019ils font partie de la liste des mis en cause qui comporte les ex-ministres des Travaux publics et des Transports, Ammar Tou et Amar Ghoul, l\u2019ex-ministre des Finances, Karim Djoudi, l\u2019ex-ministre de l\u2019Agriculture, Abdelkader Bouazgui, l\u2019ex-ministre de l\u2019Industrie, Abdesselam Bouchouareb, ainsi que les ex-walis d\u2019Alger, Abdelkader Zoukh, et d\u2019El Bayadh, Mohamed Djamel Khnafer, qui vont tous \u00eatre convoqu\u00e9s ces jours-ci par le magistrat instructeur de la Cour supr\u00eame, auquel a \u00e9t\u00e9 confi\u00e9e l\u2019enqu\u00eate judiciaire, avant d\u2019\u00eatre pr\u00e9sent\u00e9s devant un tribunal pour \u00eatre jug\u00e9s.<\/p>\n<p>Cette affaire intervient au lendemain de l\u2019inculpation du patron du groupe Cima Motors, Mahieddine Tahkout, devant le tribunal de Sidi M\u2019hamed, pour plusieurs griefs li\u00e9s \u00e0 la violation de la r\u00e9glementation des march\u00e9s publics, trafic d\u2019influence, octroi d\u2019indus privil\u00e8ges et abus de fonction, et pour lesquels Ahmed Ouyahia, Abdelghani Zaalane, l\u2019ex-ministre de l\u2019Industrie, Youcef Yousfi et l\u2019actuel ministre du Tourisme, Abdelkader Benmessaoud, ainsi que cinq anciens walis, dont ceux d\u2019Alger, Abdelkader Zoukh, d\u2019El Bayadh, Khnafer, de Blida, de Sa\u00efda et de Slikda, et deux en fonction, dont celui de Tiaret sont pr\u00e9sent\u00e9s devant la Cour supr\u00eame.<\/p>\n<p><span class=\"post-views-label\">Post Views:<\/span> <span class=\"post-views-count\">4\u00a0295<\/span><\/p>\n<p>Auteur: Hicham Chouadria<br \/>\n<a href=\"https:\/\/www.elwatan.com\/a-la-une\/affaire-ali-haddad-abdelmalek-sellal-et-amara-benyounes-incarceres-a-el-harrach-14-06-2019\">Cliquez ici pour lire l&rsquo;article depuis sa source.<\/a><\/p>\n","protected":false},"excerpt":{"rendered":"<p>Dessin : Saad Apr\u00e8s l\u2019incarc\u00e9ration d\u2019Ahmed Ouyahia, mercredi dernier, c\u2019\u00e9tait au tour de son pr\u00e9d\u00e9cesseur au poste de Premier ministre, Abdelmalek Sellal, d\u2019\u00eatre plac\u00e9 sous mandat de d\u00e9p\u00f4t hier matin par le magistrat instructeur pr\u00e8s la Cour supr\u00eame. La d\u00e9cision a \u00e9t\u00e9 prise dans le cadre de l\u2019enqu\u00eate sur le dossier Ali Haddad, patron du [&hellip;]<\/p>\n","protected":false},"author":1743,"featured_media":40608,"comment_status":"closed","ping_status":"closed","sticky":false,"template":"","format":"standard","meta":{"fifu_image_url":"","fifu_image_alt":"","footnotes":""},"categories":[73,53],"tags":[],"class_list":["post-40607","post","type-post","status-publish","format-standard","has-post-thumbnail","hentry","category-actualite","category-algerie"],"_links":{"self":[{"href":"https:\/\/linitiative.ca\/International\/wp-json\/wp\/v2\/posts\/40607","targetHints":{"allow":["GET"]}}],"collection":[{"href":"https:\/\/linitiative.ca\/International\/wp-json\/wp\/v2\/posts"}],"about":[{"href":"https:\/\/linitiative.ca\/International\/wp-json\/wp\/v2\/types\/post"}],"author":[{"embeddable":true,"href":"https:\/\/linitiative.ca\/International\/wp-json\/wp\/v2\/users\/1743"}],"replies":[{"embeddable":true,"href":"https:\/\/linitiative.ca\/International\/wp-json\/wp\/v2\/comments?post=40607"}],"version-history":[{"count":0,"href":"https:\/\/linitiative.ca\/International\/wp-json\/wp\/v2\/posts\/40607\/revisions"}],"wp:featuredmedia":[{"embeddable":true,"href":"https:\/\/linitiative.ca\/International\/wp-json\/"}],"wp:attachment":[{"href":"https:\/\/linitiative.ca\/International\/wp-json\/wp\/v2\/media?parent=40607"}],"wp:term":[{"taxonomy":"category","embeddable":true,"href":"https:\/\/linitiative.ca\/International\/wp-json\/wp\/v2\/categories?post=40607"},{"taxonomy":"post_tag","embeddable":true,"href":"https:\/\/linitiative.ca\/International\/wp-json\/wp\/v2\/tags?post=40607"}],"curies":[{"name":"wp","href":"https:\/\/api.w.org\/{rel}","templated":true}]}}