{"id":40609,"date":"2019-06-14T12:10:46","date_gmt":"2019-06-14T16:10:46","guid":{"rendered":"https:\/\/linitiative.ca\/International\/bejaia-ulac-smah-ulac-plus-que-jamais-dactualite\/"},"modified":"2019-06-14T12:10:46","modified_gmt":"2019-06-14T16:10:46","slug":"bejaia-ulac-smah-ulac-plus-que-jamais-dactualite","status":"publish","type":"post","link":"https:\/\/linitiative.ca\/International\/bejaia-ulac-smah-ulac-plus-que-jamais-dactualite\/","title":{"rendered":"B\u00e9ja\u00efa : \u00ab Ulac smah ulac\u00bb plus que jamais d\u2019actualit\u00e9"},"content":{"rendered":"<h4 class=\"title-14\"\/>\n<div class=\"featured_image\"><img width=\"1442\" height=\"639\" data-cfsrc=\"https:\/\/www.elwatan.com\/wp-content\/uploads\/2019\/06\/b\u00e9jaia-1.jpg\" class=\"attachment-post-thumbnail size-post-thumbnail wp-post-image c1\" alt=\"\" srcset=\"https:\/\/www.elwatan.com\/wp-content\/uploads\/2019\/06\/b\u00e9jaia-1.jpg 1442w, https:\/\/www.elwatan.com\/wp-content\/uploads\/2019\/06\/b\u00e9jaia-1-300x133.jpg 300w, https:\/\/www.elwatan.com\/wp-content\/uploads\/2019\/06\/b\u00e9jaia-1-768x340.jpg 768w, https:\/\/www.elwatan.com\/wp-content\/uploads\/2019\/06\/b\u00e9jaia-1-1024x454.jpg 1024w, https:\/\/www.elwatan.com\/wp-content\/uploads\/2019\/06\/b\u00e9jaia-1-1320x585.jpg 1320w\" sizes=\"(max-width: 1442px) 100vw, 1442px\"\/><noscript><\/p>\n<p><img loading=\"lazy\" decoding=\"async\" width=\"1442\" height=\"639\" src=\"https:\/\/www.elwatan.com\/wp-content\/uploads\/2019\/06\/b%C3%A9jaia-1.jpg\" class=\"attachment-post-thumbnail size-post-thumbnail wp-post-image\" alt=\"\" srcset=\"https:\/\/www.elwatan.com\/wp-content\/uploads\/2019\/06\/b\u00e9jaia-1.jpg 1442w, https:\/\/www.elwatan.com\/wp-content\/uploads\/2019\/06\/b\u00e9jaia-1-300x133.jpg 300w, https:\/\/www.elwatan.com\/wp-content\/uploads\/2019\/06\/b\u00e9jaia-1-768x340.jpg 768w, https:\/\/www.elwatan.com\/wp-content\/uploads\/2019\/06\/b\u00e9jaia-1-1024x454.jpg 1024w, https:\/\/www.elwatan.com\/wp-content\/uploads\/2019\/06\/b\u00e9jaia-1-1320x585.jpg 1320w\" sizes=\"auto, (max-width: 1442px) 100vw, 1442px\"\/><\/p>\n<p><\/noscript> <span class=\"featured-image-caption\">B\u00e9jaia, 17e vendredi. Photo :DR<\/span><\/div>\n<p>Le souvenir du printemps noir de 2001 a \u00e9t\u00e9 tr\u00e8s pr\u00e9sent hier \u00e0 B\u00e9ja\u00efa chez les milliers de manifestants qui ont march\u00e9 pour le dix-septi\u00e8me vendredi de suite.<\/p>\n<p>L\u2019on s\u2019en souvient surtout de l\u2019historique marche du 14 juin 2001 qui a fait d\u00e9placer des centaines de milliers d\u2019Alg\u00e9riens venus des quatre coins de la Kabylie pour marcher \u00e0 Alger et remettre pacifiquement \u00e0 Bouteflika la plateforme de revendication adopt\u00e9e par le mouvement dans la ville d\u2019El Kseur. Un million, deux millions ou peut-\u00eatre plus, la mobilisation \u00e9tait telle que les rues d\u2019Alger ont contenu des vagues humaines que l\u2019on a jamais vues de l\u2019histoire du pays. Beaucoup parmi ceux qui ont v\u00e9cu cette manifestation, r\u00e9prim\u00e9e dans le sang par les forces de l\u2019ordre, se sont d\u00e9plac\u00e9s en masse ce vendredi sur Alger. Ils disent tenir leur revanche sur le pouvoir qui avait d\u00e9cr\u00e9t\u00e9 au lendemain de la marche du 14 juin 2001, par la voix de Ali Benflis alors chef du gouvernement, l\u2019interdiction de toute manifestation de rue dans la capitale. Pour ce 18<sup>e<\/sup> anniversaire de la marche historique, beaucoup sont partis des localit\u00e9s de B\u00e9ja\u00efa o\u00f9 la rue ne s\u2019est pas pour autant vid\u00e9e de ses manifestants.<\/p>\n<p>Ils \u00e9taient des milliers \u00e0 r\u00e9pondre \u00e0 l\u2019appel du 17<sup>e<\/sup> acte. Les <em>\u00ab\u00a0ulac smah ulac\u00a0\u00bb<\/em> (pas de pardon), et <em>\u00ab\u00a0pouvoir assassin\u00a0\u00bb<\/em> cri\u00e9s parfois avec rage, sont plus que jamais d\u2019actualit\u00e9, rappelant l\u2019impunit\u00e9 des gens qui ont tir\u00e9 sur des manifestants pacifiques en 2001. <em>\u00ab On a perdu la bataille, juin 2001, mais pas la guerre, juin 2019\u00a0\u00bb<\/em> est-il \u00e9crit sur une longue banderole noire, sugg\u00e9rant que l\u2019histoire a fini par donner raison au combat des g\u00e9n\u00e9rations 2001 et d\u2019avant. Deux dates ont \u00e9t\u00e9 juxtapos\u00e9es sur des pancartes et des banderoles, pour rappeler un long combat devenu depuis le 22 f\u00e9vrier dernier\u00a0commun \u00e0 tous les Alg\u00e9riens : <em>\u00ab 14 juin 2001, 14 juin 2019\u00a0\u00bb<\/em>. Les portraits des victimes du printemps noir ont \u00e9t\u00e9 brandis par des manifestants par devoir de m\u00e9moire, pour leur rendre hommage mais surtout pour lutter contre l\u2019oubli et transmettre le t\u00e9moin \u00e0 la nouvelle g\u00e9n\u00e9ration. Une partie des jeunes manifestants qui sont impliqu\u00e9s dans le mouvement du 16 f\u00e9vrier n\u2019ont pas v\u00e9cu les douloureux \u00e9v\u00e9nements du printemps noir qui a fait au moins 126 victimes tomb\u00e9es pendant le tout premier mandat de Bouteflika. <em>\u00ab\u00a0Martyrs de la libert\u00e9\u00a0\u00bb<\/em> est-il \u00e9crit sur une banderole port\u00e9e par des militants de la cause amazighe.<\/p>\n<p><span class=\"post-views-label\">Post Views:<\/span> <span class=\"post-views-count\">421<\/span><\/p>\n<p>Auteur: Farouk Djouadi<br \/>\n<a href=\"https:\/\/www.elwatan.com\/edition\/actualite\/bejaia-ulac-smah-ulac-plus-que-jamais-dactualite-14-06-2019\">Cliquez ici pour lire l&rsquo;article depuis sa source.<\/a><\/p>\n","protected":false},"excerpt":{"rendered":"<p>B\u00e9jaia, 17e vendredi. Photo :DR Le souvenir du printemps noir de 2001 a \u00e9t\u00e9 tr\u00e8s pr\u00e9sent hier \u00e0 B\u00e9ja\u00efa chez les milliers de manifestants qui ont march\u00e9 pour le dix-septi\u00e8me vendredi de suite. L\u2019on s\u2019en souvient surtout de l\u2019historique marche du 14 juin 2001 qui a fait d\u00e9placer des centaines de milliers d\u2019Alg\u00e9riens venus des [&hellip;]<\/p>\n","protected":false},"author":1743,"featured_media":40610,"comment_status":"closed","ping_status":"closed","sticky":false,"template":"","format":"standard","meta":{"fifu_image_url":"","fifu_image_alt":"","footnotes":""},"categories":[73,53],"tags":[],"class_list":["post-40609","post","type-post","status-publish","format-standard","has-post-thumbnail","hentry","category-actualite","category-algerie"],"_links":{"self":[{"href":"https:\/\/linitiative.ca\/International\/wp-json\/wp\/v2\/posts\/40609","targetHints":{"allow":["GET"]}}],"collection":[{"href":"https:\/\/linitiative.ca\/International\/wp-json\/wp\/v2\/posts"}],"about":[{"href":"https:\/\/linitiative.ca\/International\/wp-json\/wp\/v2\/types\/post"}],"author":[{"embeddable":true,"href":"https:\/\/linitiative.ca\/International\/wp-json\/wp\/v2\/users\/1743"}],"replies":[{"embeddable":true,"href":"https:\/\/linitiative.ca\/International\/wp-json\/wp\/v2\/comments?post=40609"}],"version-history":[{"count":0,"href":"https:\/\/linitiative.ca\/International\/wp-json\/wp\/v2\/posts\/40609\/revisions"}],"wp:featuredmedia":[{"embeddable":true,"href":"https:\/\/linitiative.ca\/International\/wp-json\/"}],"wp:attachment":[{"href":"https:\/\/linitiative.ca\/International\/wp-json\/wp\/v2\/media?parent=40609"}],"wp:term":[{"taxonomy":"category","embeddable":true,"href":"https:\/\/linitiative.ca\/International\/wp-json\/wp\/v2\/categories?post=40609"},{"taxonomy":"post_tag","embeddable":true,"href":"https:\/\/linitiative.ca\/International\/wp-json\/wp\/v2\/tags?post=40609"}],"curies":[{"name":"wp","href":"https:\/\/api.w.org\/{rel}","templated":true}]}}