{"id":40611,"date":"2019-06-14T12:25:15","date_gmt":"2019-06-14T16:25:15","guid":{"rendered":"https:\/\/linitiative.ca\/International\/alger-17e-vendredi-hommage-aux-martyrs-de-2001-et-rejet-total-du-pouvoir-en-place\/"},"modified":"2019-06-14T12:25:15","modified_gmt":"2019-06-14T16:25:15","slug":"alger-17e-vendredi-hommage-aux-martyrs-de-2001-et-rejet-total-du-pouvoir-en-place","status":"publish","type":"post","link":"https:\/\/linitiative.ca\/International\/alger-17e-vendredi-hommage-aux-martyrs-de-2001-et-rejet-total-du-pouvoir-en-place\/","title":{"rendered":"Alger, 17e vendredi : hommage aux martyrs de 2001 et rejet total du pouvoir en place"},"content":{"rendered":"<h4 class=\"title-14\"\/>\n<div class=\"featured_image\"><img width=\"960\" height=\"720\" data-cfsrc=\"https:\/\/www.elwatan.com\/wp-content\/uploads\/2019\/06\/alger-2019.jpg\" class=\"attachment-post-thumbnail size-post-thumbnail wp-post-image c1\" alt=\"\" srcset=\"https:\/\/www.elwatan.com\/wp-content\/uploads\/2019\/06\/alger-2019.jpg 960w, https:\/\/www.elwatan.com\/wp-content\/uploads\/2019\/06\/alger-2019-300x225.jpg 300w, https:\/\/www.elwatan.com\/wp-content\/uploads\/2019\/06\/alger-2019-768x576.jpg 768w\" sizes=\"(max-width: 960px) 100vw, 960px\"\/><noscript><\/p>\n<p><img loading=\"lazy\" decoding=\"async\" width=\"960\" height=\"720\" src=\"https:\/\/www.elwatan.com\/wp-content\/uploads\/2019\/06\/alger-2019.jpg\" class=\"attachment-post-thumbnail size-post-thumbnail wp-post-image\" alt=\"\" srcset=\"https:\/\/www.elwatan.com\/wp-content\/uploads\/2019\/06\/alger-2019.jpg 960w, https:\/\/www.elwatan.com\/wp-content\/uploads\/2019\/06\/alger-2019-300x225.jpg 300w, https:\/\/www.elwatan.com\/wp-content\/uploads\/2019\/06\/alger-2019-768x576.jpg 768w\" sizes=\"auto, (max-width: 960px) 100vw, 960px\"\/><\/p>\n<p><\/noscript> <span class=\"featured-image-caption\">Alger, 17e vendredi. Photo : Farouk D<\/span><\/div>\n<p>Les arrestations, op\u00e9r\u00e9es parmi les hauts responsables et les hommes d\u2019affaires de l\u2019\u00e8re Bouteflika, n\u2019ont pas suffi \u00e0 calmer la rue. Le 17<sup>e<\/sup> vendredi de la r\u00e9volution pacifique pour le changement du syst\u00e8me a \u00e9t\u00e9 intense, riche et lucide.<\/p>\n<p>14h00. Une foule nombreuse, venue du quartier Belouizdad, envahit la place 1<sup>er<\/sup> mai o\u00f9 ils \u00e9taient rassembl\u00e9s des dizaines de manifestants avec des drapeaux, alg\u00e9rien, amazigh et m\u00eame soudanais. Le lieu, 18 ans apr\u00e8s la marche historique du 14 juin 2001, a arbor\u00e9 aujourd\u2019hui des habits color\u00e9s et joyeux. Les manifestants scandaient \u00ab\u00a0Ce peuple ne veut pas un retour au gouvernement des militaires\u00a0\u00bb, \u00ab mazal (il manque encore) Khaled Nezzar\u00a0\u00bb et \u00ab\u00a0Ouyahia est l\u2019ennemi de Dieu\u00a0\u00bb.<br \/><img class=\"alignnone size-medium wp-image-587896 c1\" data-cfsrc=\"https:\/\/www.elwatan.com\/wp-content\/uploads\/2019\/06\/dame-300x225.jpg\" alt=\"\" width=\"300\" height=\"225\" srcset=\"https:\/\/www.elwatan.com\/wp-content\/uploads\/2019\/06\/dame-300x225.jpg 300w, https:\/\/www.elwatan.com\/wp-content\/uploads\/2019\/06\/dame-768x576.jpg 768w, https:\/\/www.elwatan.com\/wp-content\/uploads\/2019\/06\/dame.jpg 960w\" sizes=\"(max-width: 300px) 100vw, 300px\"\/><\/p>\n<p><noscript><\/p>\n<p><img loading=\"lazy\" decoding=\"async\" class=\"alignnone size-medium wp-image-587896\" src=\"https:\/\/www.elwatan.com\/wp-content\/uploads\/2019\/06\/dame-300x225.jpg\" alt=\"\" width=\"300\" height=\"225\" srcset=\"https:\/\/www.elwatan.com\/wp-content\/uploads\/2019\/06\/dame-300x225.jpg 300w, https:\/\/www.elwatan.com\/wp-content\/uploads\/2019\/06\/dame-768x576.jpg 768w, https:\/\/www.elwatan.com\/wp-content\/uploads\/2019\/06\/dame.jpg 960w\" sizes=\"auto, (max-width: 300px) 100vw, 300px\"\/><\/p>\n<p><\/noscript><\/p>\n<p>14h30. La rue Didouche, Place Audin et les alentours de la grande poste \u00e9taient submerg\u00e9s par une mar\u00e9e humaine munie de drapeaux et de slogans des plus vari\u00e9s. Les foules chantaient \u00ab\u00a0Kabylie chouhada ( en r\u00e9f\u00e9rence aux victimes du <a href=\"https:\/\/www.elwatan.com\/edition\/actualite\/printemps-noir-la-douleur-est-toujours-la-20-04-2018\">printemps noir<\/a>) et \u00ab\u00a0Ulac smah ( pas de prdon). Les slogans hostiles au chef de l\u2019\u00e9tat-major de l\u2019arm\u00e9e n\u2019\u00e9taient pas en reste: \u00ab\u00a0Gaid Salah d\u00e9gage ! \u00bb, \u00ab\u00a0la main dans la main on chassera le gang ainsi que Gaid Salah\u00a0\u00bb et \u00ab\u00a0Etat civil, non militaire\u00a0\u00bb.<\/p>\n<p><img class=\"alignnone size-medium wp-image-587904 c1\" data-cfsrc=\"https:\/\/www.elwatan.com\/wp-content\/uploads\/2019\/06\/pouvoir-militaire-1-300x225.jpg\" alt=\"\" width=\"300\" height=\"225\" srcset=\"https:\/\/www.elwatan.com\/wp-content\/uploads\/2019\/06\/pouvoir-militaire-1-300x225.jpg 300w, https:\/\/www.elwatan.com\/wp-content\/uploads\/2019\/06\/pouvoir-militaire-1-768x576.jpg 768w, https:\/\/www.elwatan.com\/wp-content\/uploads\/2019\/06\/pouvoir-militaire-1.jpg 960w\" sizes=\"(max-width: 300px) 100vw, 300px\"\/><\/p>\n<p><noscript><\/p>\n<p><img loading=\"lazy\" decoding=\"async\" class=\"alignnone size-medium wp-image-587904\" src=\"https:\/\/www.elwatan.com\/wp-content\/uploads\/2019\/06\/pouvoir-militaire-1-300x225.jpg\" alt=\"\" width=\"300\" height=\"225\" srcset=\"https:\/\/www.elwatan.com\/wp-content\/uploads\/2019\/06\/pouvoir-militaire-1-300x225.jpg 300w, https:\/\/www.elwatan.com\/wp-content\/uploads\/2019\/06\/pouvoir-militaire-1-768x576.jpg 768w, https:\/\/www.elwatan.com\/wp-content\/uploads\/2019\/06\/pouvoir-militaire-1.jpg 960w\" sizes=\"auto, (max-width: 300px) 100vw, 300px\"\/><\/p>\n<p><\/noscript><\/p>\n<p>Sur les banderoles et les pancartes hiss\u00e9es par les marcheurs, ont pouvait lire : \u00ab\u00a02001, on nous a s\u00e9par\u00e9s. 2019, unis, on va les briser\u00a0\u00bb, \u00ab\u00a0pas de dialogue, pas concessions. La solution c\u2019est la transition\u00a0\u00bb, \u00ab\u00a0un peuple en or, comment voulez-vous qu\u2019il soit gouvern\u00e9 par de vieilles poup\u00e9e en bois ? \u00bb<\/p>\n<p>Certains manifestants ont dit \u00ab\u00a0Merci \u00e0 la grande arm\u00e9e\u00a0qui a mis Ouyahia en prison\u00a0\u00bb alors que d\u2019autres ont demand\u00e9 \u00e0 la justice de juger le pr\u00e9sident d\u00e9chu Abdelaziz <a href=\"https:\/\/www.elwatan.com\/a-la-une\/affaire-ali-haddad-abdelmalek-sellal-et-amara-benyounes-incarceres-a-el-harrach-14-06-2019\">Bouteflika<\/a> : \u00ab\u00a0<em>Jibouh f<\/em> \u00a0<em>c<\/em><span class=\"c5\"><em>harita<\/em> (ramenez-le en fauteuil roulant)\u00a0\u00bb.<\/span><\/p>\n<p>En somme, \u00e0 Alger, la marche du 17 vendredi a r\u00e9it\u00e9r\u00e9 la revendication populaire portant d\u00e9part de tous les symboles du r\u00e9gime, revendication exprim\u00e9e \u00e0 travers le slogans \u00ab\u00a0Yetna7aw ga3\u00a0\u00bb chant\u00e9 et rechant\u00e9 par la foule g\u00e9ante.<\/p>\n<blockquote class=\"twitter-tweet\" data-lang=\"fr\" readability=\"3.8828125\">\n<p dir=\"ltr\" lang=\"fr\"><a href=\"https:\/\/twitter.com\/hashtag\/Alger?src=hash&#038;ref_src=twsrc%5Etfw\">#Alger<\/a> insiste :\u00a0\u00bb <a href=\"https:\/\/twitter.com\/hashtag\/Yetna7aw_ga3?src=hash&#038;ref_src=twsrc%5Etfw\">#Yetna7aw_ga3<\/a> ( D\u00e9gagez tous !) \u00a0\u00bb <a href=\"https:\/\/t.co\/O1XTxlZg7H\">pic.twitter.com\/O1XTxlZg7H<\/a><\/p>\n<p>\u2014 elwatan.com (@elwatancom) <a href=\"https:\/\/twitter.com\/elwatancom\/status\/1139591837780467712?ref_src=twsrc%5Etfw\">14 juin 2019<\/a><\/p>\n<\/blockquote>\n<p><span class=\"post-views-label\">Post Views:<\/span> <span class=\"post-views-count\">475<\/span><\/p>\n<p>Auteur: Farouk Djouadi<br \/>\n<a href=\"https:\/\/www.elwatan.com\/a-la-une\/alger-17e-vendredi-hommage-aux-martyrs-de-2001-et-rejet-total-du-pouvoir-en-place-14-06-2019\">Cliquez ici pour lire l&rsquo;article depuis sa source.<\/a><\/p>\n","protected":false},"excerpt":{"rendered":"<p>Alger, 17e vendredi. Photo : Farouk D Les arrestations, op\u00e9r\u00e9es parmi les hauts responsables et les hommes d\u2019affaires de l\u2019\u00e8re Bouteflika, n\u2019ont pas suffi \u00e0 calmer la rue. Le 17e vendredi de la r\u00e9volution pacifique pour le changement du syst\u00e8me a \u00e9t\u00e9 intense, riche et lucide. 14h00. Une foule nombreuse, venue du quartier Belouizdad, envahit [&hellip;]<\/p>\n","protected":false},"author":1743,"featured_media":40612,"comment_status":"closed","ping_status":"closed","sticky":false,"template":"","format":"standard","meta":{"fifu_image_url":"","fifu_image_alt":"","footnotes":""},"categories":[73,53],"tags":[],"class_list":["post-40611","post","type-post","status-publish","format-standard","has-post-thumbnail","hentry","category-actualite","category-algerie"],"_links":{"self":[{"href":"https:\/\/linitiative.ca\/International\/wp-json\/wp\/v2\/posts\/40611","targetHints":{"allow":["GET"]}}],"collection":[{"href":"https:\/\/linitiative.ca\/International\/wp-json\/wp\/v2\/posts"}],"about":[{"href":"https:\/\/linitiative.ca\/International\/wp-json\/wp\/v2\/types\/post"}],"author":[{"embeddable":true,"href":"https:\/\/linitiative.ca\/International\/wp-json\/wp\/v2\/users\/1743"}],"replies":[{"embeddable":true,"href":"https:\/\/linitiative.ca\/International\/wp-json\/wp\/v2\/comments?post=40611"}],"version-history":[{"count":0,"href":"https:\/\/linitiative.ca\/International\/wp-json\/wp\/v2\/posts\/40611\/revisions"}],"wp:featuredmedia":[{"embeddable":true,"href":"https:\/\/linitiative.ca\/International\/wp-json\/"}],"wp:attachment":[{"href":"https:\/\/linitiative.ca\/International\/wp-json\/wp\/v2\/media?parent=40611"}],"wp:term":[{"taxonomy":"category","embeddable":true,"href":"https:\/\/linitiative.ca\/International\/wp-json\/wp\/v2\/categories?post=40611"},{"taxonomy":"post_tag","embeddable":true,"href":"https:\/\/linitiative.ca\/International\/wp-json\/wp\/v2\/tags?post=40611"}],"curies":[{"name":"wp","href":"https:\/\/api.w.org\/{rel}","templated":true}]}}