{"id":40618,"date":"2019-06-14T13:04:41","date_gmt":"2019-06-14T17:04:41","guid":{"rendered":"https:\/\/linitiative.ca\/International\/tenes-chlef-les-manifestants-toujours-opposes-a-bensalah-et-bedoui\/"},"modified":"2019-06-14T13:04:41","modified_gmt":"2019-06-14T17:04:41","slug":"tenes-chlef-les-manifestants-toujours-opposes-a-bensalah-et-bedoui","status":"publish","type":"post","link":"https:\/\/linitiative.ca\/International\/tenes-chlef-les-manifestants-toujours-opposes-a-bensalah-et-bedoui\/","title":{"rendered":"T\u00e9n\u00e8s (Chlef) : Les manifestants toujours oppos\u00e9s \u00e0 Bensalah et Bedoui"},"content":{"rendered":"<h4 class=\"title-14\"\/>\n<div class=\"featured_image\"><img width=\"960\" height=\"720\" data-cfsrc=\"https:\/\/www.elwatan.com\/wp-content\/uploads\/2019\/06\/tenes.png\" class=\"attachment-post-thumbnail size-post-thumbnail wp-post-image c1\" alt=\"\" srcset=\"https:\/\/www.elwatan.com\/wp-content\/uploads\/2019\/06\/tenes.png 960w, https:\/\/www.elwatan.com\/wp-content\/uploads\/2019\/06\/tenes-300x225.png 300w, https:\/\/www.elwatan.com\/wp-content\/uploads\/2019\/06\/tenes-768x576.png 768w\" sizes=\"(max-width: 960px) 100vw, 960px\"\/><noscript><\/p>\n<p><img loading=\"lazy\" decoding=\"async\" width=\"960\" height=\"720\" src=\"https:\/\/www.elwatan.com\/wp-content\/uploads\/2019\/06\/tenes.png\" class=\"attachment-post-thumbnail size-post-thumbnail wp-post-image\" alt=\"\" srcset=\"https:\/\/www.elwatan.com\/wp-content\/uploads\/2019\/06\/tenes.png 960w, https:\/\/www.elwatan.com\/wp-content\/uploads\/2019\/06\/tenes-300x225.png 300w, https:\/\/www.elwatan.com\/wp-content\/uploads\/2019\/06\/tenes-768x576.png 768w\" sizes=\"auto, (max-width: 960px) 100vw, 960px\"\/><\/p>\n<p><\/noscript> <span class=\"featured-image-caption\">T\u00e9n\u00e8s ( Chlef), 17e vendredi.<\/span><\/div>\n<p>A l\u2019instar du chef-lieu de wilaya, la ville c\u00f4ti\u00e8re de T\u00e9n\u00e8s ne d\u00e9roge pas \u00e0 la r\u00e8gle en participant r\u00e9guli\u00e8rement aux marches du vendredi contre le pouvoir en place.<\/p>\n<p>Aujourd\u2019huiencore, ils \u00e9taient plusieurs dizaines \u00e0 marcher dans les rues de la ville sous un soleil de plomb, r\u00e9clamant une nouvelle fois le d\u00e9part des figures d\u00e9cri\u00e9es du syst\u00e8me politique, \u00e0 l\u2019image de Bensalah et de Bedoui.<br \/>C\u2019est dire que les r\u00e9centes incarc\u00e9rations de hauts responsables des gouvernements du pr\u00e9sident d\u00e9chu, m\u00eame si elles font partie de leurs revendications principales, n\u2019ont pas fait fl\u00e9chir ni \u00e0 d\u00e9tourner la position ferme des manifestants qui continuent \u00e0 exiger la d\u00e9mission des visages honnis du r\u00e9gime actuel. Ce sont-l\u00e0 les slogans qui revenaient sans cesse ce vendredi encore dans la bouche des citoyens, hommes et femmes, qui ont parcouru les grands boulevards de T\u00e9n\u00e8s aux cris de \u00ab pouvoir d\u00e9gage, nous ne voulons ni de Bensalah ni de Bedoui, le gang doit partir et rendre des comptes au peuple alg\u00e9rien\u2026. \u00bb.<br \/>Ils estiment que ces derniers ont trahi le serment des chouhada et n\u2019ont plus leur place dans \u00ab l\u2019Alg\u00e9rie moderne et d\u00e9mocratique, o\u00f9 les droits fondamentaux des citoyens seront garantis et o\u00f9 l\u2019arbitraire et l\u2019autoritarisme seront bannis \u00e0 jamais \u00bb.<br \/>Apr\u00e8s une longue marche dans les rues de la ville, les contestataires se sont rassembl\u00e9s au niveau de la place publique o\u00f9 ils ont r\u00e9affirm\u00e9 leur d\u00e9termination \u00e0 poursuivre le mouvement jusqu\u2019\u00e0 la satisfaction des revendications du peuple alg\u00e9rien.<br \/>Ahmed Yechkour<\/p>\n<p><span class=\"post-views-label\">Post Views:<\/span> <span class=\"post-views-count\">145<\/span><\/p>\n<p>Auteur: Farouk Djouadi<br \/>\n<a href=\"https:\/\/www.elwatan.com\/edition\/actualite\/tenes-chlef-les-manifestants-toujours-opposes-a-bensalah-et-bedoui-14-06-2019\">Cliquez ici pour lire l&rsquo;article depuis sa source.<\/a><\/p>\n","protected":false},"excerpt":{"rendered":"<p>T\u00e9n\u00e8s ( Chlef), 17e vendredi. A l\u2019instar du chef-lieu de wilaya, la ville c\u00f4ti\u00e8re de T\u00e9n\u00e8s ne d\u00e9roge pas \u00e0 la r\u00e8gle en participant r\u00e9guli\u00e8rement aux marches du vendredi contre le pouvoir en place. Aujourd\u2019huiencore, ils \u00e9taient plusieurs dizaines \u00e0 marcher dans les rues de la ville sous un soleil de plomb, r\u00e9clamant une nouvelle [&hellip;]<\/p>\n","protected":false},"author":1743,"featured_media":40619,"comment_status":"closed","ping_status":"closed","sticky":false,"template":"","format":"standard","meta":{"fifu_image_url":"","fifu_image_alt":"","footnotes":""},"categories":[73,53],"tags":[],"class_list":["post-40618","post","type-post","status-publish","format-standard","has-post-thumbnail","hentry","category-actualite","category-algerie"],"_links":{"self":[{"href":"https:\/\/linitiative.ca\/International\/wp-json\/wp\/v2\/posts\/40618","targetHints":{"allow":["GET"]}}],"collection":[{"href":"https:\/\/linitiative.ca\/International\/wp-json\/wp\/v2\/posts"}],"about":[{"href":"https:\/\/linitiative.ca\/International\/wp-json\/wp\/v2\/types\/post"}],"author":[{"embeddable":true,"href":"https:\/\/linitiative.ca\/International\/wp-json\/wp\/v2\/users\/1743"}],"replies":[{"embeddable":true,"href":"https:\/\/linitiative.ca\/International\/wp-json\/wp\/v2\/comments?post=40618"}],"version-history":[{"count":0,"href":"https:\/\/linitiative.ca\/International\/wp-json\/wp\/v2\/posts\/40618\/revisions"}],"wp:featuredmedia":[{"embeddable":true,"href":"https:\/\/linitiative.ca\/International\/wp-json\/"}],"wp:attachment":[{"href":"https:\/\/linitiative.ca\/International\/wp-json\/wp\/v2\/media?parent=40618"}],"wp:term":[{"taxonomy":"category","embeddable":true,"href":"https:\/\/linitiative.ca\/International\/wp-json\/wp\/v2\/categories?post=40618"},{"taxonomy":"post_tag","embeddable":true,"href":"https:\/\/linitiative.ca\/International\/wp-json\/wp\/v2\/tags?post=40618"}],"curies":[{"name":"wp","href":"https:\/\/api.w.org\/{rel}","templated":true}]}}