{"id":40633,"date":"2019-06-14T13:21:24","date_gmt":"2019-06-14T17:21:24","guid":{"rendered":"https:\/\/linitiative.ca\/International\/tunisie-le-dossier-libyen-au-coeur-dun-entretien-entre-jehinaoui-et-ghassen-salama\/"},"modified":"2019-06-14T13:21:24","modified_gmt":"2019-06-14T17:21:24","slug":"tunisie-le-dossier-libyen-au-coeur-dun-entretien-entre-jehinaoui-et-ghassen-salama","status":"publish","type":"post","link":"https:\/\/linitiative.ca\/International\/tunisie-le-dossier-libyen-au-coeur-dun-entretien-entre-jehinaoui-et-ghassen-salama\/","title":{"rendered":"Tunisie \u2013Le dossier libyen au c\u0153ur d\u2019un entretien entre Jehinaoui et Ghassen Salama"},"content":{"rendered":"<div class=\"post-cont-in left relative\">\n<div class=\"swp_social_panel swp_horizontal_panel swp_flat_fresh swp_default_full_color swp_individual_full_color swp_other_full_color scale-100 scale-\" data-min-width=\"1100\" data-float-color=\"#ffffff\" data-float=\"none\" data-float-mobile=\"none\" data-transition=\"slide\">\n<div class=\"nc_tweetContainer swp_share_button total_shares total_sharesalt\"><span class=\"swp_count\">7 <span class=\"swp_label\">Partages<\/span><\/span><\/div>\n<\/div>\n<p>Le ministre tunisien des affaires \u00e9trang\u00e8res, Khema\u00efs Jehinaoui, s\u2019est entretenu, ce vendredi, avec l\u2019envoy\u00e9 sp\u00e9cial des Nations Unies en Libye, Ghassene Salama. L\u2019entretien a, essentiellement, tourn\u00e9 autour du dossier libyen et la situation explosive qui pr\u00e9vaut dans ce pays.<\/p>\n<p>Jehinaoui a inform\u00e9 l\u2019envoy\u00e9 onusien des conclusions de la derni\u00e8re r\u00e9union des ministres des affaires \u00e9trang\u00e8res des pays voisins de la Libye, qui s\u2019est tenu le 12 courant. Il a r\u00e9it\u00e9r\u00e9 le souci de la Tunisie et des autres pays, \u00e0 faire appliquer un cessez le feu, et une reprise de la recherche d\u2019une solution politique.<\/p>\n<div class=\"code-block code-block-1 c3\"><ins class=\"adsbygoogle c2\" data-ad-layout=\"in-article\" data-ad-format=\"fluid\" data-ad-client=\"ca-pub-2102118777505746\" data-ad-slot=\"7301775417\"\/> <\/div>\n<p>Jehinaoui a ajout\u00e9 que les puissances \u00e9trang\u00e8res qui interf\u00e8rent dans ce dossier, avec des int\u00e9r\u00eats contradictoires, sont en train de contribuer \u00e0 l\u2019enlisement de la situation.<\/p>\n<div class=\"mvp-org-wrap mvp-org-logo\" itemprop=\"publisher\" itemscope=\"\" itemtype=\"https:\/\/schema.org\/Organization\"><img decoding=\"async\" src=\"https:\/\/www.tunisienumerique.com\/wp-content\/uploads\/2017\/02\/logo_tunisie_numerique.png\"\/><\/div>\n<div class=\"swp_social_panel swp_horizontal_panel swp_flat_fresh swp_default_full_color swp_individual_full_color swp_other_full_color scale-100 scale-\" data-min-width=\"1100\" data-float-color=\"#ffffff\" data-float=\"none\" data-float-mobile=\"none\" data-transition=\"slide\">\n<div class=\"nc_tweetContainer swp_share_button total_shares total_sharesalt\"><span class=\"swp_count\">7 <span class=\"swp_label\">Partages<\/span><\/span><\/div>\n<\/div>\n<div class=\"mvp-related-posts left relative\">\n<h4 class=\"post-header\"><span class=\"post-header\">Lire aussi<\/span><\/h4>\n<\/div>\n<\/div>\n<p>Auteur: LM<br \/>\n<a href=\"https:\/\/www.tunisienumerique.com\/tunisie-le-dossier-libyen-au-coeur-dun-entretien-entre-jehinaoui-et-ghassen-salama\/\">Cliquez ici pour lire l&rsquo;article depuis sa source.<\/a><\/p>\n","protected":false},"excerpt":{"rendered":"<p>7 Partages Le ministre tunisien des affaires \u00e9trang\u00e8res, Khema\u00efs Jehinaoui, s\u2019est entretenu, ce vendredi, avec l\u2019envoy\u00e9 sp\u00e9cial des Nations Unies en Libye, Ghassene Salama. L\u2019entretien a, essentiellement, tourn\u00e9 autour du dossier libyen et la situation explosive qui pr\u00e9vaut dans ce pays. Jehinaoui a inform\u00e9 l\u2019envoy\u00e9 onusien des conclusions de la derni\u00e8re r\u00e9union des ministres des [&hellip;]<\/p>\n","protected":false},"author":1789,"featured_media":40634,"comment_status":"closed","ping_status":"closed","sticky":false,"template":"","format":"standard","meta":{"fifu_image_url":"","fifu_image_alt":"","footnotes":""},"categories":[73,55],"tags":[],"class_list":["post-40633","post","type-post","status-publish","format-standard","has-post-thumbnail","hentry","category-actualite","category-tunisie"],"_links":{"self":[{"href":"https:\/\/linitiative.ca\/International\/wp-json\/wp\/v2\/posts\/40633","targetHints":{"allow":["GET"]}}],"collection":[{"href":"https:\/\/linitiative.ca\/International\/wp-json\/wp\/v2\/posts"}],"about":[{"href":"https:\/\/linitiative.ca\/International\/wp-json\/wp\/v2\/types\/post"}],"author":[{"embeddable":true,"href":"https:\/\/linitiative.ca\/International\/wp-json\/wp\/v2\/users\/1789"}],"replies":[{"embeddable":true,"href":"https:\/\/linitiative.ca\/International\/wp-json\/wp\/v2\/comments?post=40633"}],"version-history":[{"count":0,"href":"https:\/\/linitiative.ca\/International\/wp-json\/wp\/v2\/posts\/40633\/revisions"}],"wp:featuredmedia":[{"embeddable":true,"href":"https:\/\/linitiative.ca\/International\/wp-json\/"}],"wp:attachment":[{"href":"https:\/\/linitiative.ca\/International\/wp-json\/wp\/v2\/media?parent=40633"}],"wp:term":[{"taxonomy":"category","embeddable":true,"href":"https:\/\/linitiative.ca\/International\/wp-json\/wp\/v2\/categories?post=40633"},{"taxonomy":"post_tag","embeddable":true,"href":"https:\/\/linitiative.ca\/International\/wp-json\/wp\/v2\/tags?post=40633"}],"curies":[{"name":"wp","href":"https:\/\/api.w.org\/{rel}","templated":true}]}}