{"id":40653,"date":"2019-06-13T18:17:28","date_gmt":"2019-06-13T22:17:28","guid":{"rendered":"https:\/\/linitiative.ca\/International\/mutation-des-medias-publics-le-synatic-monte-au-premier-ministere\/"},"modified":"2019-06-13T18:17:28","modified_gmt":"2019-06-13T22:17:28","slug":"mutation-des-medias-publics-le-synatic-monte-au-premier-ministere","status":"publish","type":"post","link":"https:\/\/linitiative.ca\/International\/mutation-des-medias-publics-le-synatic-monte-au-premier-ministere\/","title":{"rendered":"Mutation des m\u00e9dias publics: le SYNATIC monte au Premier minist\u00e8re"},"content":{"rendered":"<div class=\"td-post-featured-image\"><a href=\"https:\/\/i2.wp.com\/www.sidwaya.info\/wp-content\/uploads\/2019\/06\/synatic-pm.jpg?fit=787%2C525&#038;ssl=1\" data-caption=\"\"><img loading=\"lazy\" decoding=\"async\" width=\"696\" height=\"464\" class=\"entry-thumb td-modal-image\" src=\"https:\/\/i2.wp.com\/www.sidwaya.info\/wp-content\/uploads\/2019\/06\/synatic-pm.jpg?resize=696%2C464&#038;ssl=1\" srcset=\"https:\/\/i2.wp.com\/www.sidwaya.info\/wp-content\/uploads\/2019\/06\/synatic-pm.jpg?w=787&#038;ssl=1 787w, https:\/\/i2.wp.com\/www.sidwaya.info\/wp-content\/uploads\/2019\/06\/synatic-pm.jpg?resize=300%2C200&#038;ssl=1 300w, https:\/\/i2.wp.com\/www.sidwaya.info\/wp-content\/uploads\/2019\/06\/synatic-pm.jpg?resize=768%2C512&#038;ssl=1 768w, https:\/\/i2.wp.com\/www.sidwaya.info\/wp-content\/uploads\/2019\/06\/synatic-pm.jpg?resize=696%2C464&#038;ssl=1 696w, https:\/\/i2.wp.com\/www.sidwaya.info\/wp-content\/uploads\/2019\/06\/synatic-pm.jpg?resize=630%2C420&#038;ssl=1 630w\" sizes=\"auto, (max-width: 696px) 100vw, 696px\" alt=\"\" title=\"synatic-pm\"\/><\/a><\/div>\n<div class=\"td-a-rec td-a-rec-id-content_top td_uid_30_5d04152348eab_rand td_block_template_1\"><img loading=\"lazy\" decoding=\"async\" class=\"aligncenter size-full wp-image-4463\" src=\"https:\/\/www.sidwaya.info\/wp-content\/uploads\/2019\/02\/FESPACO-TOUR-2019-Bannie%CC%80re-728x90-1.jpg\" alt=\"\" width=\"728\" height=\"90\"\/><\/div>\n<p><strong>Les travailleurs des m\u00e9dias publics ont march\u00e9 sur le Premier minist\u00e8re pour exiger la transformation de leurs organes de presse en soci\u00e9t\u00e9s d\u2019Etat, le jeudi 13 juin 2019, dernier jour des sit-in.<\/strong><\/p>\n<p>\u00abOn travaille 7\/7 jours et 24h\/24h\u00bb, \u00a0\u00abA m\u00e9tier particulier, traitement particulier\u00bb,\u00a0\u00abNous ne sommes ni robots, ni esclaves\u00bb, \u00abNon \u00e0 la remise en cause des acquis de l\u2019insurrection populaire\u00bb, \u00abPour la \u00a0mutation diligente de la de la RTB et de Sidwaya en soci\u00e9t\u00e9s d\u2019Etat\u00bb, \u00a0\u00abNous avons trop r\u00e9fl\u00e9chi\u00a0 et trop patient\u00e9\u00bb, \u00abTrop c\u2019est trop\u00bb, \u00abY \u2018en a marre\u00bb. Ce sont entre autres messages figurant sur les pancartes et scand\u00e9s par les travailleurs des m\u00e9dias publics du Burkina Faso, hier jeudi 13 juin 2019, au cours de la marche marquant le dernier jour des 48 heures de sit-in, d\u00e9cr\u00e9t\u00e9s par le Syndicat autonome de l\u2019information et de la communication (SYNACTIC). Partis de la RTB, leur \u00abQuartier g\u00e9n\u00e9ral\u00bb, aux environs de 9 heures, les marcheurs ont ralli\u00e9 le Premier minist\u00e8re, en passant par l\u2019ex-Assembl\u00e9e nationale. Arriv\u00e9e \u00e0 la primature \u00e0 9h50, en l\u2019absence du chef du gouvernement, ils ont \u00e9t\u00e9 re\u00e7us par son directeur de cabinet, Mamadou S\u00e9r\u00e9m\u00e9. En sa pr\u00e9sence, les manifestants ont chant\u00e9 l\u2019hymne national, avant de lui livrer le contenu du message adress\u00e9 au Premier ministre. Celui-ci traduit leur m\u00e9contentent et d\u00e9sapprobation du traitement r\u00e9serv\u00e9 \u00e0 leurs pr\u00e9occupations par le gouvernement, pr\u00e9cis\u00e9ment la lenteur dans la mutation de leurs organes en soci\u00e9t\u00e9s d\u2019Etat. Un processus qui, selon le secr\u00e9taire g\u00e9n\u00e9ral du SYNATIC, Siriki Dram\u00e9, a dur\u00e9 trois ans. Il a poursuivi que les rapports de la commission mixte r\u00e9unissant les experts de plusieurs minist\u00e8res ont \u00e9t\u00e9 introduits en Conseil des ministres pour l\u2019adoption des d\u00e9crets d\u2019application du changement de statut. \u00abLes suites r\u00e9serv\u00e9es au dossier par le Conseil des ministres du 29 mai 2019 ont cr\u00e9\u00e9 une onde de choc au sein des travailleurs des m\u00e9dias publics. Ils ont \u00e9t\u00e9 surpris, par la d\u00e9cision du gouvernement qui pr\u00e9conise encore des r\u00e9flexions approfondies en d\u00e9pit du long temps d\u00e9j\u00e0 mis, pour aboutir aux propositions pertinentes et consensuelles de la commission mixte\u00bb, a d\u00e9plor\u00e9 le SG Dram\u00e9. Il a, en outre, soutenu que pour les travailleurs, c\u2019est un \u00abrecul grave\u00bb dans la volont\u00e9 du gouvernement d\u2019op\u00e9rationnaliser le statut de soci\u00e9t\u00e9s d\u2019Etat et, ce, conform\u00e9ment aux lois sur les m\u00e9dias de 2015. C\u2019est pourquoi, dans la note adress\u00e9e au chef de l\u2019ex\u00e9cutif, les travailleurs des m\u00e9dias publics ont exig\u00e9 du gouvernement la mutation diligente et sans conditions des Editions Sidwaya et de la RTB en soci\u00e9t\u00e9s d\u2019Etat avec l\u2019ensemble du personnel, telle que recommand\u00e9 par la commission mixte. A cela, s\u2019ajoute la dotation cons\u00e9quente de ces m\u00e9dias en \u00e9quipements et moyens ad\u00e9quats pour mener \u00e0 bien leurs missions et le versement de la taxe de soutien au d\u00e9veloppement des activit\u00e9s audiovisuelles de l\u2019Etat aux m\u00e9dias publics, conform\u00e9ment \u00e0 la loi sur l\u2019audiovisuel.\u00a0\u00abTout en vous souhaitant bonne r\u00e9ception de la pr\u00e9sente adresse, les travailleurs des m\u00e9dias publics r\u00e9affirment leur d\u00e9termination \u00e0 entreprendre toutes formes de lutte pour l\u2019aboutissement de leurs justes et l\u00e9gitimes revendications\u00bb, a dit Siriki Dram\u00e9, avant de transmettre la note. \u00abAu nom du Premier ministre, qui est en d\u00e9placement \u00e0 Gen\u00e8ve, je r\u00e9cup\u00e8re votre mot qui lui est adress\u00e9. Je puis vous assurer que je vais le remettre \u00e0 qui de droit\u00bb, a d\u00e9clar\u00e9 le repr\u00e9sentant du chef du gouvernement.<\/p>\n<p>\u00abLe gouvernement cherche \u00e0 gagner du temps\u00bb<\/p>\n<p>Apr\u00e8s avoir entonn\u00e9, de nouveau, l\u2019hymne national, les marcheurs ont regagn\u00e9 leur base \u00e0 10h. L\u00e0-bas, ils ont \u00e9t\u00e9 rejoints par une d\u00e9l\u00e9gation du collectif de la Conf\u00e9d\u00e9ration g\u00e9n\u00e9rale du travail du Burkina (CGT-B). Conduite par le Secr\u00e9taire g\u00e9n\u00e9ral adjoint de la CGT-B, Norbert Ouangr\u00e9, l\u2019\u00e9quipe est venue t\u00e9moigner son soutien aux travailleurs des m\u00e9dias publics. \u00abJe voudrais vous exprimer la solidarit\u00e9 agissante du collectif CGT-B et vous encourager dans la juste lutte engag\u00e9e pour exiger la mise \u0153uvre du protocole d\u2019accord sign\u00e9 avec le gouvernement, le 29 d\u00e9cembre 2016\u00bb, s\u2019est exprim\u00e9 le chef de la d\u00e9l\u00e9gation du collectif. Pour lui, l\u2019ex\u00e9cutif cherche \u00e0 gagner du temps. Cette attitude, selon lui, n\u2019est pas surprenante. \u00abLes revendications des travailleurs de notre pays pour l\u2019am\u00e9lioration des conditions de vie rencontrent une opposition syst\u00e9matique du pouvoir\u00bb, a soutenu M. Ouangr\u00e9. Pour Siriki Dram\u00e9, c\u2019est un soutien de taille, qui pr\u00e9sage un lendemain meilleur. Par ailleurs, il a fait le briefing du mouvement des 48 heures. \u00abC\u2019est un bilan satisfaisant. Les travailleurs se sont mobilis\u00e9s massivement \u00e0 Ouagadougou et dans les autres r\u00e9gions. Nous avons m\u00eame b\u00e9n\u00e9ficier de l\u2019accompagnement des confr\u00e8res du SIG et de la SBT. Pour une premi\u00e8re, c\u2019est un signal fort\u00bb, s\u2019est-il r\u00e9joui. A l\u2019entendre, c\u2019est r\u00e9confortant de savoir que les travailleurs ont adh\u00e9r\u00e9 au mouvement. Une sortie qui, de son avis, traduit leur d\u00e9termination \u00e0 lutter pour de meilleures conditions de vie et de travail.<\/p>\n<p>Mariam OUEDRAOGO<br \/>mesmira14@gmail.com<\/p>\n<div class=\"td-a-rec td-a-rec-id-content_bottom td_uid_31_5d0415234904e_rand td_block_template_1\"><img loading=\"lazy\" decoding=\"async\" class=\"alignright size-full wp-image-1724\" src=\"https:\/\/www.sidwaya.info\/wp-content\/uploads\/2018\/12\/sidwaya-pub.jpg\" alt=\"\" width=\"720\" height=\"90\"\/><\/div>\n<p>Auteur: BM. Sidwaya<br \/>\n<a href=\"https:\/\/www.sidwaya.info\/blog\/2019\/06\/13\/mutation-des-medias-publics-le-synatic-monte-au-premier-ministere\/\">Cliquez ici pour lire l&rsquo;article depuis sa source.<\/a><\/p>\n","protected":false},"excerpt":{"rendered":"<p>Les travailleurs des m\u00e9dias publics ont march\u00e9 sur le Premier minist\u00e8re pour exiger la transformation de leurs organes de presse en soci\u00e9t\u00e9s d\u2019Etat, le jeudi 13 juin 2019, dernier jour des sit-in. \u00abOn travaille 7\/7 jours et 24h\/24h\u00bb, \u00a0\u00abA m\u00e9tier particulier, traitement particulier\u00bb,\u00a0\u00abNous ne sommes ni robots, ni esclaves\u00bb, \u00abNon \u00e0 la remise en cause [&hellip;]<\/p>\n","protected":false},"author":1816,"featured_media":0,"comment_status":"closed","ping_status":"closed","sticky":false,"template":"","format":"standard","meta":{"fifu_image_url":"","fifu_image_alt":"","footnotes":""},"categories":[73,81],"tags":[],"class_list":["post-40653","post","type-post","status-publish","format-standard","hentry","category-actualite","category-burkina-faso"],"_links":{"self":[{"href":"https:\/\/linitiative.ca\/International\/wp-json\/wp\/v2\/posts\/40653","targetHints":{"allow":["GET"]}}],"collection":[{"href":"https:\/\/linitiative.ca\/International\/wp-json\/wp\/v2\/posts"}],"about":[{"href":"https:\/\/linitiative.ca\/International\/wp-json\/wp\/v2\/types\/post"}],"author":[{"embeddable":true,"href":"https:\/\/linitiative.ca\/International\/wp-json\/wp\/v2\/users\/1816"}],"replies":[{"embeddable":true,"href":"https:\/\/linitiative.ca\/International\/wp-json\/wp\/v2\/comments?post=40653"}],"version-history":[{"count":0,"href":"https:\/\/linitiative.ca\/International\/wp-json\/wp\/v2\/posts\/40653\/revisions"}],"wp:attachment":[{"href":"https:\/\/linitiative.ca\/International\/wp-json\/wp\/v2\/media?parent=40653"}],"wp:term":[{"taxonomy":"category","embeddable":true,"href":"https:\/\/linitiative.ca\/International\/wp-json\/wp\/v2\/categories?post=40653"},{"taxonomy":"post_tag","embeddable":true,"href":"https:\/\/linitiative.ca\/International\/wp-json\/wp\/v2\/tags?post=40653"}],"curies":[{"name":"wp","href":"https:\/\/api.w.org\/{rel}","templated":true}]}}