{"id":40654,"date":"2019-06-13T18:51:44","date_gmt":"2019-06-13T22:51:44","guid":{"rendered":"https:\/\/linitiative.ca\/International\/volley-ball-finales-coupe-dgi\/"},"modified":"2019-06-13T18:51:44","modified_gmt":"2019-06-13T22:51:44","slug":"volley-ball-finales-coupe-dgi","status":"publish","type":"post","link":"https:\/\/linitiative.ca\/International\/volley-ball-finales-coupe-dgi\/","title":{"rendered":"Volley-ball: finales coupe DGI"},"content":{"rendered":"<div class=\"td-post-featured-image\"><a href=\"https:\/\/i2.wp.com\/www.sidwaya.info\/wp-content\/uploads\/2019\/06\/dgivolley14.jpg?fit=787%2C525&#038;ssl=1\" data-caption=\"\"><img loading=\"lazy\" decoding=\"async\" width=\"696\" height=\"464\" class=\"entry-thumb td-modal-image\" src=\"https:\/\/i2.wp.com\/www.sidwaya.info\/wp-content\/uploads\/2019\/06\/dgivolley14.jpg?resize=696%2C464&#038;ssl=1\" srcset=\"https:\/\/i2.wp.com\/www.sidwaya.info\/wp-content\/uploads\/2019\/06\/dgivolley14.jpg?w=787&#038;ssl=1 787w, https:\/\/i2.wp.com\/www.sidwaya.info\/wp-content\/uploads\/2019\/06\/dgivolley14.jpg?resize=300%2C200&#038;ssl=1 300w, https:\/\/i2.wp.com\/www.sidwaya.info\/wp-content\/uploads\/2019\/06\/dgivolley14.jpg?resize=768%2C512&#038;ssl=1 768w, https:\/\/i2.wp.com\/www.sidwaya.info\/wp-content\/uploads\/2019\/06\/dgivolley14.jpg?resize=696%2C464&#038;ssl=1 696w, https:\/\/i2.wp.com\/www.sidwaya.info\/wp-content\/uploads\/2019\/06\/dgivolley14.jpg?resize=630%2C420&#038;ssl=1 630w\" sizes=\"auto, (max-width: 696px) 100vw, 696px\" alt=\"\" title=\"dgivolley14\"\/><\/a><\/div>\n<div class=\"td-a-rec td-a-rec-id-content_top td_uid_30_5d041526363a1_rand td_block_template_1\"><img loading=\"lazy\" decoding=\"async\" class=\"aligncenter size-full wp-image-4463\" src=\"https:\/\/www.sidwaya.info\/wp-content\/uploads\/2019\/02\/FESPACO-TOUR-2019-Bannie%CC%80re-728x90-1.jpg\" alt=\"\" width=\"728\" height=\"90\"\/><\/div>\n<p><strong>La finale de la 2e \u00e9dition de la coupe du directeur g\u00e9n\u00e9ral des imp\u00f4ts en volley-ball se disputera, demain samedi 15 juin sur le terrain de la F\u00e9d\u00e9ration burkinab\u00e8 de volley-ball sis \u00e0 l\u2019Institut des sciences du sport et du d\u00e9veloppement Humain (ISSDH), \u00e0 Ouagadougou.<\/strong><\/p>\n<p>Lanc\u00e9 le 9 mars dernier, la 2e \u00e9dition de la coupe du directeur g\u00e9n\u00e9ral des imp\u00f4ts en volley-ball conna\u00eetra son apoth\u00e9ose, demain samedi 15 juin, sur le terrain de la f\u00e9d\u00e9ration burkinab\u00e8 de volley-ball sis \u00e0 l\u2019Institut des sciences du sport et du d\u00e9veloppement humain (ISSDH) \u00e0 Ouagadougou. La finale en dames, qui va entamer les hosti-lit\u00e9s, mettra aux prises l\u2019AS Douanes avec l\u2019Union sportive des Forces arm\u00e9es (USFA). Celle en hommes sera ind\u00e9cise entre l\u2019USFA et l\u2019AS Post. Chacun des vainqueurs, en plus du troph\u00e9e, des deux jeux de maillots et des ballons empochera 300 000 FCFA. Organis\u00e9 par la ligue du Centre de volley-ball, la comp\u00e9tition a regroup\u00e9 8 \u00e9quipes en homme et quatre en dames. Expliquant les raisons qui ont milit\u00e9 \u00e0 la naissance de cette coupe, le pr\u00e9sident de ladite ligue Lassina Traor\u00e9 (lui-m\u00eame agent des imp\u00f4ts) a jug\u00e9 que son premier soutien depuis qu\u2019il a \u00e9t\u00e9 port\u00e9 \u00e0 la t\u00eate de la ligue ne pouvait \u00eatre que le premier responsable des imp\u00f4ts. C\u2019est ainsi que la requ\u00eate de sa ligue aupr\u00e8s de la direction des imp\u00f4ts a \u00e9t\u00e9 accept\u00e9e. Pour lui, cette comp\u00e9tition est aussi un cadre offert \u00e0 la direction des imp\u00f4ts de faire passer des messages. Lassina Traor\u00e9 a appr\u00e9ci\u00e9 positivement le niveau d\u2019ensemble de la coupe qu\u2019il a jug\u00e9 \u00abtr\u00e8s relev\u00e9e\u00bb. Les \u00e9quipes savent qu\u2019il y a quelque chose \u00e0 prendre dans cette coupe. Elle constitue aussi une pr\u00e9paration pour elles en perspective du championnat national\u00bb, a-t-il laiss\u00e9 entendre. Le pr\u00e9sident de la ligue du Centre a lanc\u00e9 un appel aux amoureux du volley-ball \u00e0 sortir massivement soutenir et les finalistes et le donateur \u00abcar des occasions pareilles ne courent pas les rues\u00bb.<\/p>\n<p>Yves OUEDRAOGO<\/p>\n<div class=\"td-a-rec td-a-rec-id-content_bottom td_uid_31_5d0415263652b_rand td_block_template_1\"><img loading=\"lazy\" decoding=\"async\" class=\"alignright size-full wp-image-1724\" src=\"https:\/\/www.sidwaya.info\/wp-content\/uploads\/2018\/12\/sidwaya-pub.jpg\" alt=\"\" width=\"720\" height=\"90\"\/><\/div>\n<p>Auteur: BM. Sidwaya<br \/>\n<a href=\"https:\/\/www.sidwaya.info\/blog\/2019\/06\/13\/volley-ball-finales-coupe-dgi\/\">Cliquez ici pour lire l&rsquo;article depuis sa source.<\/a><\/p>\n","protected":false},"excerpt":{"rendered":"<p>La finale de la 2e \u00e9dition de la coupe du directeur g\u00e9n\u00e9ral des imp\u00f4ts en volley-ball se disputera, demain samedi 15 juin sur le terrain de la F\u00e9d\u00e9ration burkinab\u00e8 de volley-ball sis \u00e0 l\u2019Institut des sciences du sport et du d\u00e9veloppement Humain (ISSDH), \u00e0 Ouagadougou. Lanc\u00e9 le 9 mars dernier, la 2e \u00e9dition de la [&hellip;]<\/p>\n","protected":false},"author":1816,"featured_media":0,"comment_status":"closed","ping_status":"closed","sticky":false,"template":"","format":"standard","meta":{"fifu_image_url":"","fifu_image_alt":"","footnotes":""},"categories":[73,81],"tags":[],"class_list":["post-40654","post","type-post","status-publish","format-standard","hentry","category-actualite","category-burkina-faso"],"_links":{"self":[{"href":"https:\/\/linitiative.ca\/International\/wp-json\/wp\/v2\/posts\/40654","targetHints":{"allow":["GET"]}}],"collection":[{"href":"https:\/\/linitiative.ca\/International\/wp-json\/wp\/v2\/posts"}],"about":[{"href":"https:\/\/linitiative.ca\/International\/wp-json\/wp\/v2\/types\/post"}],"author":[{"embeddable":true,"href":"https:\/\/linitiative.ca\/International\/wp-json\/wp\/v2\/users\/1816"}],"replies":[{"embeddable":true,"href":"https:\/\/linitiative.ca\/International\/wp-json\/wp\/v2\/comments?post=40654"}],"version-history":[{"count":0,"href":"https:\/\/linitiative.ca\/International\/wp-json\/wp\/v2\/posts\/40654\/revisions"}],"wp:attachment":[{"href":"https:\/\/linitiative.ca\/International\/wp-json\/wp\/v2\/media?parent=40654"}],"wp:term":[{"taxonomy":"category","embeddable":true,"href":"https:\/\/linitiative.ca\/International\/wp-json\/wp\/v2\/categories?post=40654"},{"taxonomy":"post_tag","embeddable":true,"href":"https:\/\/linitiative.ca\/International\/wp-json\/wp\/v2\/tags?post=40654"}],"curies":[{"name":"wp","href":"https:\/\/api.w.org\/{rel}","templated":true}]}}