{"id":40655,"date":"2019-06-13T18:54:21","date_gmt":"2019-06-13T22:54:21","guid":{"rendered":"https:\/\/linitiative.ca\/International\/coupe-du-monde-des-arts-martiaux-vietnamiens\/"},"modified":"2019-06-13T18:54:21","modified_gmt":"2019-06-13T22:54:21","slug":"coupe-du-monde-des-arts-martiaux-vietnamiens","status":"publish","type":"post","link":"https:\/\/linitiative.ca\/International\/coupe-du-monde-des-arts-martiaux-vietnamiens\/","title":{"rendered":"Coupe du monde des arts martiaux vietnamiens"},"content":{"rendered":"<div class=\"td-post-featured-image\"><a href=\"https:\/\/i2.wp.com\/www.sidwaya.info\/wp-content\/uploads\/2019\/06\/viettv14.jpg?fit=787%2C525&#038;ssl=1\" data-caption=\"\"><img loading=\"lazy\" decoding=\"async\" width=\"696\" height=\"464\" class=\"entry-thumb td-modal-image\" src=\"https:\/\/i2.wp.com\/www.sidwaya.info\/wp-content\/uploads\/2019\/06\/viettv14.jpg?resize=696%2C464&#038;ssl=1\" srcset=\"https:\/\/i2.wp.com\/www.sidwaya.info\/wp-content\/uploads\/2019\/06\/viettv14.jpg?w=787&#038;ssl=1 787w, https:\/\/i2.wp.com\/www.sidwaya.info\/wp-content\/uploads\/2019\/06\/viettv14.jpg?resize=300%2C200&#038;ssl=1 300w, https:\/\/i2.wp.com\/www.sidwaya.info\/wp-content\/uploads\/2019\/06\/viettv14.jpg?resize=768%2C512&#038;ssl=1 768w, https:\/\/i2.wp.com\/www.sidwaya.info\/wp-content\/uploads\/2019\/06\/viettv14.jpg?resize=696%2C464&#038;ssl=1 696w, https:\/\/i2.wp.com\/www.sidwaya.info\/wp-content\/uploads\/2019\/06\/viettv14.jpg?resize=630%2C420&#038;ssl=1 630w\" sizes=\"auto, (max-width: 696px) 100vw, 696px\" alt=\"\" title=\"viettv14\"\/><\/a><\/div>\n<div class=\"td-a-rec td-a-rec-id-content_top td_uid_30_5d04152918c80_rand td_block_template_1\"><img loading=\"lazy\" decoding=\"async\" class=\"aligncenter size-full wp-image-4463\" src=\"https:\/\/www.sidwaya.info\/wp-content\/uploads\/2019\/02\/FESPACO-TOUR-2019-Bannie%CC%80re-728x90-1.jpg\" alt=\"\" width=\"728\" height=\"90\"\/><\/div>\n<p><strong>Apr\u00e8s leur brillante prestation lors de la coupe du monde des arts martiaux vietnamiens tenue \u00e0 Marseille en France, du 31 mai au 2 juin, les athl\u00e8tes burkinab\u00e8 sont rentr\u00e9s au bercail dans la nuit du vendredi \u00e0 samedi 7 juin 2019.<\/strong><\/p>\n<p>Il est 23h30 ce vendredi 7 juin 2019 lorsque l\u2019avion d\u2019air Alg\u00e9rie atterrit sur le tarmac de l\u2019a\u00e9roport international de Ouagadougou. A bord, cinq combattants burkinab\u00e8 de vo-viet-nam et leurs encadreurs de retour de la coupe du monde des arts martiaux vietnamiens. Pour les accueillir juste deux journalistes, quelques membres de la f\u00e9d\u00e9ration et leurs familles. Pour le pr\u00e9sident national de vo-viet-nam, Me Julien Drabo, cela n\u2019est pas important car ils n\u2019ont pas annonc\u00e9 leur arriv\u00e9e en pompe.<br \/>Du c\u00f4t\u00e9 des athl\u00e8tes, la d\u00e9ception du mauvais accueil se lit sur les visages malgr\u00e9 leur performance. 22 m\u00e9dailles dont 11 en or, 5 en argent et 6 en bronze. Class\u00e9 4e sur 12 pays participants Me Drabo ne cache pas sa satisfaction. \u00abL\u2019ann\u00e9e pass\u00e9e nous avons particip\u00e9 au championnat mondial avec deux athl\u00e8tes et nous avons obtenu 4 m\u00e9dailles. Cette ann\u00e9e nous nous sommes biens pr\u00e9par\u00e9s et sur 36 pays attendus, seulement 12 ont pris part. Le Burkina Faso s\u2019est class\u00e9 4e. Mais on aurait pu mieux faire si nous \u00e9tions partis avec plus de combattants\u00bb, avoue le premier responsable de l\u2019encadrement technique. Il a affirm\u00e9 que la comp\u00e9tition n\u2019a pas laiss\u00e9 place aux paresseux. \u00abElle \u00e9tait tr\u00e8s dur\u00e9 car en partant, nous ignorions beaucoup de choses. C\u2019est sur place que nous avions pris connaissance des r\u00e8gles de combat et les conditions de participation. C\u2019est vrai que nous n\u2019\u00e9tions pas pr\u00e9par\u00e9s mais nous nous sommes rapidement conform\u00e9s et voil\u00e0 le r\u00e9sultat\u00bb, se r\u00e9jouit Me Drabo.<br \/>Combattante chevronn\u00e9e, Claire Kama avec ses trois m\u00e9dailles en or et deux en bronze pense que c\u2019est le travail qui a pay\u00e9 lors de la comp\u00e9tition. \u00abAu d\u00e9but, j\u2019avais peur mais lorsque je me suis mise dans ma t\u00eate que je suis l\u00e0 pour repr\u00e9senter mon pays, je me suis vite ressaisie et j\u2019ai prouv\u00e9 de quoi j\u2019\u00e9tais capable\u00bb, a-t-elle expliqu\u00e9. Vivement que les autorit\u00e9s, le comit\u00e9 national de soutien aux Etalons et les autres f\u00e9d\u00e9rations s\u0153urs comprennent qu\u2019en mati\u00e8re de sports, lorsque tu repr\u00e9sentes ton pays, tu as besoin d\u2019\u00eatre soutenu \u00e0 tous les niveaux.<\/p>\n<p>Donald Wendpouir\u00e9 NIKIEMA<\/p>\n<div class=\"td-a-rec td-a-rec-id-content_bottom td_uid_31_5d04152918f1b_rand td_block_template_1\"><img loading=\"lazy\" decoding=\"async\" class=\"alignright size-full wp-image-1724\" src=\"https:\/\/www.sidwaya.info\/wp-content\/uploads\/2018\/12\/sidwaya-pub.jpg\" alt=\"\" width=\"720\" height=\"90\"\/><\/div>\n<p>Auteur: BM. Sidwaya<br \/>\n<a href=\"https:\/\/www.sidwaya.info\/blog\/2019\/06\/13\/coupe-du-monde-des-arts-martiaux-vietnamiens\/\">Cliquez ici pour lire l&rsquo;article depuis sa source.<\/a><\/p>\n","protected":false},"excerpt":{"rendered":"<p>Apr\u00e8s leur brillante prestation lors de la coupe du monde des arts martiaux vietnamiens tenue \u00e0 Marseille en France, du 31 mai au 2 juin, les athl\u00e8tes burkinab\u00e8 sont rentr\u00e9s au bercail dans la nuit du vendredi \u00e0 samedi 7 juin 2019. Il est 23h30 ce vendredi 7 juin 2019 lorsque l\u2019avion d\u2019air Alg\u00e9rie atterrit [&hellip;]<\/p>\n","protected":false},"author":1816,"featured_media":0,"comment_status":"closed","ping_status":"closed","sticky":false,"template":"","format":"standard","meta":{"fifu_image_url":"","fifu_image_alt":"","footnotes":""},"categories":[73,81],"tags":[],"class_list":["post-40655","post","type-post","status-publish","format-standard","hentry","category-actualite","category-burkina-faso"],"_links":{"self":[{"href":"https:\/\/linitiative.ca\/International\/wp-json\/wp\/v2\/posts\/40655","targetHints":{"allow":["GET"]}}],"collection":[{"href":"https:\/\/linitiative.ca\/International\/wp-json\/wp\/v2\/posts"}],"about":[{"href":"https:\/\/linitiative.ca\/International\/wp-json\/wp\/v2\/types\/post"}],"author":[{"embeddable":true,"href":"https:\/\/linitiative.ca\/International\/wp-json\/wp\/v2\/users\/1816"}],"replies":[{"embeddable":true,"href":"https:\/\/linitiative.ca\/International\/wp-json\/wp\/v2\/comments?post=40655"}],"version-history":[{"count":0,"href":"https:\/\/linitiative.ca\/International\/wp-json\/wp\/v2\/posts\/40655\/revisions"}],"wp:attachment":[{"href":"https:\/\/linitiative.ca\/International\/wp-json\/wp\/v2\/media?parent=40655"}],"wp:term":[{"taxonomy":"category","embeddable":true,"href":"https:\/\/linitiative.ca\/International\/wp-json\/wp\/v2\/categories?post=40655"},{"taxonomy":"post_tag","embeddable":true,"href":"https:\/\/linitiative.ca\/International\/wp-json\/wp\/v2\/tags?post=40655"}],"curies":[{"name":"wp","href":"https:\/\/api.w.org\/{rel}","templated":true}]}}