{"id":40666,"date":"2019-06-14T12:50:01","date_gmt":"2019-06-14T16:50:01","guid":{"rendered":"https:\/\/linitiative.ca\/International\/greve-generale-au-bresil-les-transports-touches-dans-de-nombreuses-villes\/"},"modified":"2019-06-14T12:50:01","modified_gmt":"2019-06-14T16:50:01","slug":"greve-generale-au-bresil-les-transports-touches-dans-de-nombreuses-villes","status":"publish","type":"post","link":"https:\/\/linitiative.ca\/International\/greve-generale-au-bresil-les-transports-touches-dans-de-nombreuses-villes\/","title":{"rendered":"Gr\u00e8ve g\u00e9n\u00e9rale au Br\u00e9sil, les transports touch\u00e9s dans de nombreuses villes"},"content":{"rendered":"<div readability=\"32\">\n<p>Publi\u00e9 le 14.06.2019 \u00e0 17h50 par AFP<\/p>\n<\/div>\n<div readability=\"153\">\n<p>Les transports \u00e9taient touch\u00e9s vendredi dans des dizaines de villes au Br\u00e9sil par un appel \u00e0 une gr\u00e8ve g\u00e9n\u00e9rale des syndicats contre la r\u00e9forme des retraites, particuli\u00e8rement \u00e0 Sao Paulo, premi\u00e8re m\u00e9tropole du pays o\u00f9 est pr\u00e9vue en soir\u00e9e la c\u00e9r\u00e9monie d\u2019ouverture de la Copa America.<\/p>\n<p>Avec les appels \u00e0 des marches de protestation en fin de journ\u00e9e, le gouvernement de Jair Bolsonaro, en fonction depuis cinq mois et demi seulement, s\u2019expose \u00e0 de nouvelles manifestations de masse, apr\u00e8s celles des 15 et 30 mai qui avaient fait descendre des centaines de milliers de Br\u00e9siliens dans les rues pour d\u00e9fendre l\u2019\u00e9ducation.<\/p>\n<p>Les syndicats ont appel\u00e9 les travailleurs \u00e0 faire gr\u00e8ve dans les transports et \u00e0 bloquer les routes dans les grandes villes pour protester contre la r\u00e9forme des retraites qui, si elle a \u00e9t\u00e9 \u00e9dulcor\u00e9e pour avoir ses chances de passer au Parlement, reste tr\u00e8s impopulaire.<\/p>\n<p>Des manifestations avaient lieu dans plus de 80 villes et 63 villes \u00e9taient touch\u00e9es par des gr\u00e8ves en fin de matin\u00e9e, selon le site G1.<\/p>\n<p>Les syndicats ont \u00e9galement fait \u00e9tat de gr\u00e8ves dans les secteurs p\u00e9trolier et bancaire de divers Etats du pays, de m\u00eame que d\u2019enseignants et d\u2019\u00e9tudiants, tr\u00e8s mobilis\u00e9s contre les coupes claires dans les budgets de l\u2019\u00e9ducation.<\/p>\n<p>Le mouvement tombe au plus mal pour le gouvernement dont la cote de popularit\u00e9 a chut\u00e9, alors que la Copa America, le grand tournoi de football qui va faire vibrer tout le continent, doit d\u00e9marrer vendredi soir dans la capitale pauliste avec un match Br\u00e9sil-Bolivie, en pr\u00e9sence du pr\u00e9sident Bolsonaro.<\/p>\n<p>A Sao Paulo (sud-est), une ligne de m\u00e9tro \u00e9tait paralys\u00e9e et trois autres ne fonctionnaient qu\u2019au ralenti, selon la compagnie de m\u00e9tro. Les autobus et les trains roulaient en revanche normalement.<\/p>\n<p>\u2013 D\u00e9fil\u00e9s dans plus de 100 villes \u2013<\/p>\n<p>A Salvador de Bah\u00eda (Nord-est), seul le m\u00e9tro fonctionnait tandis qu\u2019\u00e0 Belo Horizonte (Sud-est) ou Brasilia, les transports \u00e9taient touch\u00e9s par des ralentissements.<\/p>\n<p>Dans l\u2019Etat de Rio de Janeiro (Sud-est), la police a fait usage de gaz lacrymog\u00e8nes pour disperser des gr\u00e9vistes qui bloquaient la circulation, a rapport\u00e9 un photographe de l\u2019AFP.<\/p>\n<p>Des routes \u00e9taient \u00e9galement bloqu\u00e9es par les protestataires \u00e0 Curitiba, Florianopilis (Sud) et Joa Pessoa (Nord-est), selon la presse br\u00e9silienne.<\/p>\n<p>Avec la CUT (centrale Unique des travailleurs), d\u2019autres centrales, comme l\u2019UGT et For\u00e7a Sindical, ainsi que des syndicats d\u2019\u00e9tudiants et d\u2019enseignants ont appel\u00e9 \u00e0 des d\u00e9fil\u00e9s en soir\u00e9e dans plus de 100 villes d\u2019au moins 24 des 27 Etats du pays.<\/p>\n<p>La r\u00e9forme des retraites est la cl\u00e9 de voute de la politique lib\u00e9rale du nouveau gouvernement br\u00e9silien, sous la houlette du ministre de l\u2019Economie Paulo Guedes, qui a averti d\u2019une catastrophe si le syst\u00e8me n\u2019\u00e9tait pas r\u00e9form\u00e9.<\/p>\n<p>L\u2019avenir de cette r\u00e9forme est menac\u00e9 par la ti\u00e9deur du Congr\u00e8s, o\u00f9 le pr\u00e9sident d\u2019extr\u00eame droite ne dispose que de 10% des si\u00e8ges et doit nouer de difficiles alliances pour obtenir la majorit\u00e9 des trois cinqui\u00e8mes.<\/p>\n<p>Une version \u00e9dulcor\u00e9e de la r\u00e9forme a \u00e9t\u00e9 pr\u00e9sent\u00e9 jeudi: elle r\u00e9duit de 1.200 milliards de r\u00e9ais (275 milliards d\u2019euros) \u00e0 900 milliards de r\u00e9ais (206 milliards d\u2019euros) les \u00e9conomies r\u00e9alis\u00e9es pour les coffres de l\u2019Etat sur 10 ans.<\/p>\n<p>Le gouvernement a notamment renonc\u00e9 \u00e0 des aspects pol\u00e9miques de sa r\u00e9forme, tel le passage du syst\u00e8me actuel par r\u00e9partition \u00e0 la retraite par capitalisation.<\/p>\n<p>\u2013 \u00ab\u00a0Tout s\u2019arr\u00eate\u00a0\u00bb \u2013<\/p>\n<p>Mais ces modifications du projet de loi des retraites \u00ab\u00a0ne changent rien\u00a0\u00bb, a fait dire \u00e0 l\u2019AFP par un conseiller de presse le pr\u00e9sident de la CUT centrale Unique des travailleurs CUT, Vagner Freitas.<\/p>\n<p>\u00ab\u00a0Nous nous attendons \u00e0 une grande gr\u00e8ve\u00a0\u00bb, a-t-il ajout\u00e9.<\/p>\n<p>A Sao Paulo, les r\u00e9actions des habitants \u00e9taient partag\u00e9es face au mouvement de gr\u00e8ve g\u00e9n\u00e9rale.<\/p>\n<p>\u00ab\u00a0Je suis contre parce que cela paralyse toute la ville, cela porte pr\u00e9judice aux entreprises commerciales. Quand il y a gr\u00e8ve \u00e0 S\u00e3o Paulo, tout s\u2019arr\u00eate\u00a0\u00bb, a d\u00e9clar\u00e9 \u00e0 l\u2019AFP Flavio Moreira, qui attendait \u00e0 un arr\u00eat de bus.<\/p>\n<p>Mais pour Thiago Santos das Anjos, un autre usager, \u00ab\u00a0c\u2019est bien, c\u2019est pour que la situation du peuple s\u2019am\u00e9liore. Parce que les types au pouvoir, ils ne font que nous voler, et il ne nous reste que les miettes\u00a0\u00bb, dit-il.<\/p>\n<\/div>\n<p>Auteur: AFP<br \/>\n<a href=\"https:\/\/www.journalducameroun.com\/greve-generale-au-bresil-les-transports-touches-dans-de-nombreuses-villes\/\">Cliquez ici pour lire l&rsquo;article depuis sa source.<\/a><\/p>\n","protected":false},"excerpt":{"rendered":"<p>Publi\u00e9 le 14.06.2019 \u00e0 17h50 par AFP Les transports \u00e9taient touch\u00e9s vendredi dans des dizaines de villes au Br\u00e9sil par un appel \u00e0 une gr\u00e8ve g\u00e9n\u00e9rale des syndicats contre la r\u00e9forme des retraites, particuli\u00e8rement \u00e0 Sao Paulo, premi\u00e8re m\u00e9tropole du pays o\u00f9 est pr\u00e9vue en soir\u00e9e la c\u00e9r\u00e9monie d\u2019ouverture de la Copa America. Avec les [&hellip;]<\/p>\n","protected":false},"author":1965,"featured_media":0,"comment_status":"closed","ping_status":"closed","sticky":false,"template":"","format":"standard","meta":{"fifu_image_url":"","fifu_image_alt":"","footnotes":""},"categories":[73,82],"tags":[],"class_list":["post-40666","post","type-post","status-publish","format-standard","hentry","category-actualite","category-cameroun"],"_links":{"self":[{"href":"https:\/\/linitiative.ca\/International\/wp-json\/wp\/v2\/posts\/40666","targetHints":{"allow":["GET"]}}],"collection":[{"href":"https:\/\/linitiative.ca\/International\/wp-json\/wp\/v2\/posts"}],"about":[{"href":"https:\/\/linitiative.ca\/International\/wp-json\/wp\/v2\/types\/post"}],"author":[{"embeddable":true,"href":"https:\/\/linitiative.ca\/International\/wp-json\/wp\/v2\/users\/1965"}],"replies":[{"embeddable":true,"href":"https:\/\/linitiative.ca\/International\/wp-json\/wp\/v2\/comments?post=40666"}],"version-history":[{"count":0,"href":"https:\/\/linitiative.ca\/International\/wp-json\/wp\/v2\/posts\/40666\/revisions"}],"wp:attachment":[{"href":"https:\/\/linitiative.ca\/International\/wp-json\/wp\/v2\/media?parent=40666"}],"wp:term":[{"taxonomy":"category","embeddable":true,"href":"https:\/\/linitiative.ca\/International\/wp-json\/wp\/v2\/categories?post=40666"},{"taxonomy":"post_tag","embeddable":true,"href":"https:\/\/linitiative.ca\/International\/wp-json\/wp\/v2\/tags?post=40666"}],"curies":[{"name":"wp","href":"https:\/\/api.w.org\/{rel}","templated":true}]}}