{"id":40667,"date":"2019-06-14T12:50:03","date_gmt":"2019-06-14T16:50:03","guid":{"rendered":"https:\/\/linitiative.ca\/International\/darfour-lonu-divisee-sur-le-retrait-de-sa-force-de-paix\/"},"modified":"2019-06-14T12:50:03","modified_gmt":"2019-06-14T16:50:03","slug":"darfour-lonu-divisee-sur-le-retrait-de-sa-force-de-paix","status":"publish","type":"post","link":"https:\/\/linitiative.ca\/International\/darfour-lonu-divisee-sur-le-retrait-de-sa-force-de-paix\/","title":{"rendered":"Darfour: l\u2019ONU divis\u00e9e sur le retrait de sa force de paix"},"content":{"rendered":"<div readability=\"32\">\n<p>Publi\u00e9 le 14.06.2019 \u00e0 17h50 par AFP<\/p>\n<\/div>\n<div readability=\"99\">\n<p>Le Conseil de s\u00e9curit\u00e9 de l\u2019ONU s\u2019est montr\u00e9 divis\u00e9 vendredi sur le retrait de sa force de paix dans la r\u00e9gion soudanaise du Darfour (Minuad), entre Europ\u00e9ens et Africains r\u00e9clamant sa suspension, et la Chine et la Russie demandant sa poursuite.<\/p>\n<p>Il y a un an, le Conseil de s\u00e9curit\u00e9 s\u2019\u00e9tait mis d\u2019accord pour engager un retrait graduel au Darfour, dans l\u2019ouest du Soudan, de sa force de paix conjointe avec l\u2019Union africaine (7.800 Casques bleus aujourd\u2019hui) devant s\u2019achever fin 2020. La Minuad est d\u00e9ploy\u00e9e au Darfour depuis 2007 et a compt\u00e9 jusqu\u2019\u00e0 16.000 Casques bleus.<\/p>\n<p>Depuis 2018, la situation politique s\u2019est consid\u00e9rablement transform\u00e9e au Soudan avec la prise du pouvoir par des militaires et une n\u00e9gociation avec un mouvement de contestation civile qui semble actuellement dans l\u2019impasse.<\/p>\n<p>Lors d\u2019une r\u00e9union du Conseil de s\u00e9curit\u00e9 consacr\u00e9e \u00e0 la prolongation de la Minuad qui arrive chaque ann\u00e9e \u00e0 \u00e9ch\u00e9ance fin juin, ses membres europ\u00e9ens (Royaume-Uni, Allemagne, France, Belgique) comme ses membres africains (C\u00f4te d\u2019Ivoire, Guin\u00e9e \u00e9quatoriale) ont mis en avant les bouleversements en cours pour appeler \u00ab\u00a0\u00e0 une suspension\u00a0\u00bb du retrait et \u00e0 un simple \u00ab\u00a0renouvellement technique\u00a0\u00bb du mandat de la mission de paix.<\/p>\n<p>A quelles autorit\u00e9s remettre dans quinze jours les quinze bases de l\u2019ONU restantes au Darfour, s\u2019est interrog\u00e9e la France alors que le Royaume-Uni appelait \u00e0 la \u00ab\u00a0prudence\u00a0\u00bb.<\/p>\n<p>Sans se prononcer sur la suite du retrait de la Minuad, les Etats-Unis ont \u00e0 nouveau appel\u00e9 \u00ab\u00a0\u00e0 un transfert du pouvoir \u00e0 un gouvernement civil\u00a0\u00bb.<\/p>\n<p>Pour la Chine, \u00ab\u00a0la situation est stable\u00a0\u00bb au Darfour et \u00ab\u00a0il revient au gouvernement soudanais d\u2019assumer la s\u00e9curit\u00e9\u00a0\u00bb dans la r\u00e9gion, a dit son repr\u00e9sentant. \u00ab\u00a0Le retrait (de la Minuad) devrait se poursuivre\u00a0\u00bb et s\u2019achever \u00ab\u00a0comme pr\u00e9vu en 2020\u00a0\u00bb, a-t-il ajout\u00e9.<\/p>\n<p>La Russie a critiqu\u00e9 la prise de position des Europ\u00e9ens, avant m\u00eame le d\u00e9but des n\u00e9gociations sur la r\u00e9solution de renouvellement de la Minuad. \u00ab\u00a0Le r\u00e8glement de la crise int\u00e9rieure est l\u2019apanage du Soudan, sans interf\u00e9rences ext\u00e9rieures\u00a0\u00bb, a soulign\u00e9 Moscou.<\/p>\n<p>Devant le Conseil de s\u00e9curit\u00e9, le Soudan s\u2019est oppos\u00e9 \u00e0 toute \u00ab\u00a0tentative visant \u00e0 suspendre le retrait\u00a0\u00bb de la Minuad, soulignant que la situation au Darfour justifiait son d\u00e9part.<\/p>\n<p>Cette semaine, les ONG Amnesty International et Human Rights Watch avaient appel\u00e9 l\u2019ONU \u00e0 interrompre le retrait de la Minuad dans un contexte de r\u00e9pression accrue au Soudan, notamment par des individus en uniformes soup\u00e7onn\u00e9s de liens avec les milices Janjawid accus\u00e9es d\u2019exactions au Darfour.<\/p>\n<p>Le Darfour est d\u00e9chir\u00e9 depuis 2003 par un conflit opposant les forces soudanaises \u00e0 des rebelles issus de minorit\u00e9s ethniques et s\u2019estimant marginalis\u00e9s par le pouvoir central. Selon les Nations unies, le conflit au Darfour a fait environ 300.000 morts et plus de 2,5 millions de d\u00e9plac\u00e9s.<\/p>\n<\/div>\n<p>Auteur: AFP<br \/>\n<a href=\"https:\/\/www.journalducameroun.com\/darfour-lonu-divisee-sur-le-retrait-de-sa-force-de-paix\/\">Cliquez ici pour lire l&rsquo;article depuis sa source.<\/a><\/p>\n","protected":false},"excerpt":{"rendered":"<p>Publi\u00e9 le 14.06.2019 \u00e0 17h50 par AFP Le Conseil de s\u00e9curit\u00e9 de l\u2019ONU s\u2019est montr\u00e9 divis\u00e9 vendredi sur le retrait de sa force de paix dans la r\u00e9gion soudanaise du Darfour (Minuad), entre Europ\u00e9ens et Africains r\u00e9clamant sa suspension, et la Chine et la Russie demandant sa poursuite. Il y a un an, le Conseil [&hellip;]<\/p>\n","protected":false},"author":1965,"featured_media":0,"comment_status":"closed","ping_status":"closed","sticky":false,"template":"","format":"standard","meta":{"fifu_image_url":"","fifu_image_alt":"","footnotes":""},"categories":[73,82],"tags":[],"class_list":["post-40667","post","type-post","status-publish","format-standard","hentry","category-actualite","category-cameroun"],"_links":{"self":[{"href":"https:\/\/linitiative.ca\/International\/wp-json\/wp\/v2\/posts\/40667","targetHints":{"allow":["GET"]}}],"collection":[{"href":"https:\/\/linitiative.ca\/International\/wp-json\/wp\/v2\/posts"}],"about":[{"href":"https:\/\/linitiative.ca\/International\/wp-json\/wp\/v2\/types\/post"}],"author":[{"embeddable":true,"href":"https:\/\/linitiative.ca\/International\/wp-json\/wp\/v2\/users\/1965"}],"replies":[{"embeddable":true,"href":"https:\/\/linitiative.ca\/International\/wp-json\/wp\/v2\/comments?post=40667"}],"version-history":[{"count":0,"href":"https:\/\/linitiative.ca\/International\/wp-json\/wp\/v2\/posts\/40667\/revisions"}],"wp:attachment":[{"href":"https:\/\/linitiative.ca\/International\/wp-json\/wp\/v2\/media?parent=40667"}],"wp:term":[{"taxonomy":"category","embeddable":true,"href":"https:\/\/linitiative.ca\/International\/wp-json\/wp\/v2\/categories?post=40667"},{"taxonomy":"post_tag","embeddable":true,"href":"https:\/\/linitiative.ca\/International\/wp-json\/wp\/v2\/tags?post=40667"}],"curies":[{"name":"wp","href":"https:\/\/api.w.org\/{rel}","templated":true}]}}