{"id":40668,"date":"2019-06-14T13:18:03","date_gmt":"2019-06-14T17:18:03","guid":{"rendered":"https:\/\/linitiative.ca\/International\/classement-fifa-la-cote-divoire-toujours-hors-du-top-10-africain\/"},"modified":"2019-06-14T13:18:03","modified_gmt":"2019-06-14T17:18:03","slug":"classement-fifa-la-cote-divoire-toujours-hors-du-top-10-africain","status":"publish","type":"post","link":"https:\/\/linitiative.ca\/International\/classement-fifa-la-cote-divoire-toujours-hors-du-top-10-africain\/","title":{"rendered":"Classement FIFA: la C\u00f4te d\u2019Ivoire, toujours, hors du Top 10 africain"},"content":{"rendered":"<div readability=\"32\">\n<p>Publi\u00e9 le 14.06.2019 \u00e0 18h18 par APA News<\/p>\n<\/div>\n<div readability=\"48\">\n<p>La s\u00e9lection nationale de football de C\u00f4te d\u2019Ivoire occupe toujours le 11\u00e8 rang du classement de la F\u00e9d\u00e9ration internationale de football association (FIFA) d\u00e9voil\u00e9, vendredi, par l\u2019instance mondiale du football.Comme au dernier classement (en avril), la C\u00f4te d\u2019Ivoire quoique \u00a0passant de la 65\u00e8 \u00e0 la 62\u00e8 place mondiale, stagne au plan africain en \u00a0occupant le 11\u00e8 rang, derri\u00e8re le Mali (10\u00e8) et le Burkina Faso (9\u00e8) qui \u00a0ne sera pas de la f\u00eate du football africain en Egypte (CAN).<\/p>\n<p>Sur le continent, le S\u00e9n\u00e9gal (22\u00e8 mondial) domine les d\u00e9bats suivi de la Tunisie et du Nig\u00e9ria.<\/p>\n<p>A l\u2019\u00e9chelle mondiale, la Belgique, la France et le Br\u00e9sil occupent le podium.<\/p>\n<p>Top 10 africain<\/p>\n<p>1 S\u00e9n\u00e9gal\u00a0<\/p>\n<p>2 Tunisie<\/p>\n<p>3 Nig\u00e9ria\u00a0<\/p>\n<p>4 Maroc<\/p>\n<p>5 RD Congo<\/p>\n<p>6 Ghana<\/p>\n<p>7 Cameoun<\/p>\n<p>8 Egypte<\/p>\n<p>9 Burkina Faso<\/p>\n<p>10 Mali<\/p>\n<p>Top 10 mondial<\/p>\n<p>1Belgique<\/p>\n<p>2 France<\/p>\n<p>3 Br\u00e9sil\u00a0<\/p>\n<p>4 Angleterre<\/p>\n<p>5 Portugal<\/p>\n<p>6 Croatie<\/p>\n<p>7 Espagne<\/p>\n<p>8 Uruguay<\/p>\n<p>9 Suisse<\/p>\n<p>10 Danemark<\/p>\n<\/div>\n<p>Auteur: APA News<br \/>\n<a href=\"https:\/\/www.journalducameroun.com\/classement-fifa-la-cote-divoire-toujours-hors-du-top-10-africain\/\">Cliquez ici pour lire l&rsquo;article depuis sa source.<\/a><\/p>\n","protected":false},"excerpt":{"rendered":"<p>Publi\u00e9 le 14.06.2019 \u00e0 18h18 par APA News La s\u00e9lection nationale de football de C\u00f4te d\u2019Ivoire occupe toujours le 11\u00e8 rang du classement de la F\u00e9d\u00e9ration internationale de football association (FIFA) d\u00e9voil\u00e9, vendredi, par l\u2019instance mondiale du football.Comme au dernier classement (en avril), la C\u00f4te d\u2019Ivoire quoique \u00a0passant de la 65\u00e8 \u00e0 la 62\u00e8 place [&hellip;]<\/p>\n","protected":false},"author":1965,"featured_media":0,"comment_status":"closed","ping_status":"closed","sticky":false,"template":"","format":"standard","meta":{"fifu_image_url":"","fifu_image_alt":"","footnotes":""},"categories":[73,82],"tags":[],"class_list":["post-40668","post","type-post","status-publish","format-standard","hentry","category-actualite","category-cameroun"],"_links":{"self":[{"href":"https:\/\/linitiative.ca\/International\/wp-json\/wp\/v2\/posts\/40668","targetHints":{"allow":["GET"]}}],"collection":[{"href":"https:\/\/linitiative.ca\/International\/wp-json\/wp\/v2\/posts"}],"about":[{"href":"https:\/\/linitiative.ca\/International\/wp-json\/wp\/v2\/types\/post"}],"author":[{"embeddable":true,"href":"https:\/\/linitiative.ca\/International\/wp-json\/wp\/v2\/users\/1965"}],"replies":[{"embeddable":true,"href":"https:\/\/linitiative.ca\/International\/wp-json\/wp\/v2\/comments?post=40668"}],"version-history":[{"count":0,"href":"https:\/\/linitiative.ca\/International\/wp-json\/wp\/v2\/posts\/40668\/revisions"}],"wp:attachment":[{"href":"https:\/\/linitiative.ca\/International\/wp-json\/wp\/v2\/media?parent=40668"}],"wp:term":[{"taxonomy":"category","embeddable":true,"href":"https:\/\/linitiative.ca\/International\/wp-json\/wp\/v2\/categories?post=40668"},{"taxonomy":"post_tag","embeddable":true,"href":"https:\/\/linitiative.ca\/International\/wp-json\/wp\/v2\/tags?post=40668"}],"curies":[{"name":"wp","href":"https:\/\/api.w.org\/{rel}","templated":true}]}}