{"id":40672,"date":"2019-06-14T15:18:04","date_gmt":"2019-06-14T19:18:04","guid":{"rendered":"https:\/\/linitiative.ca\/International\/le-gouvernement-congolais-receptionne-officiellement-le-musee-national\/"},"modified":"2019-06-14T15:18:04","modified_gmt":"2019-06-14T19:18:04","slug":"le-gouvernement-congolais-receptionne-officiellement-le-musee-national","status":"publish","type":"post","link":"https:\/\/linitiative.ca\/International\/le-gouvernement-congolais-receptionne-officiellement-le-musee-national\/","title":{"rendered":"Le gouvernement congolais r\u00e9ceptionne officiellement le Mus\u00e9e national"},"content":{"rendered":"<div readability=\"32\">\n<p>Publi\u00e9 le 14.06.2019 \u00e0 20h18 par APA News<\/p>\n<\/div>\n<div readability=\"50\">\n<p>La Cor\u00e9e du Sud a proc\u00e9d\u00e9, vendredi \u00e0 Kinshasa, \u00e0 la remise officielle au gouvernement congolais des cl\u00e9s du b\u00e2timent du Mus\u00e9e national de la RDC (MNRDC) construit gr\u00e2ce \u00e0 un financement de l\u2019Agence cor\u00e9enne de coop\u00e9ration internationale (KOICA) \u00e0 hauteur de 21 millions USD.A cette occasion, la vice-pr\u00e9sidente de KOICA, Baek Sook Hee qui a fait le d\u00e9placement de Kinshasa pour la circonstance, a soulign\u00e9 que ce b\u00e2timent est le plus grand projet r\u00e9alis\u00e9 par son agence en Afrique.<\/p>\n<p>Ce mus\u00e9e \u00a0va pr\u00e9senter la diversit\u00e9 de la culture congolaise tout en \u00a0cr\u00e9ant un environnement pour l\u2019\u00e9ducation et un espace optimal pour permettre au peuple congolais d\u2019apprendre et de mieux pr\u00e9server son histoire.<\/p>\n<p>Le MNRDC qui sera officiellement inaugur\u00e9 et ouvert au public au mois d\u2019octobre prochain comprend notamment des salles d\u2019exposition, \u00a0de stockage, de conf\u00e9rences et des caf\u00e9t\u00e9rias ainsi que \u00a0des bureaux et d\u2019autres espaces am\u00e9nag\u00e9s dans l\u2019enceinte du b\u00e2timent.<\/p>\n<\/div>\n<p>Auteur: APA News<br \/>\n<a href=\"https:\/\/www.journalducameroun.com\/le-gouvernement-congolais-receptionne-officiellement-le-musee-national\/\">Cliquez ici pour lire l&rsquo;article depuis sa source.<\/a><\/p>\n","protected":false},"excerpt":{"rendered":"<p>Publi\u00e9 le 14.06.2019 \u00e0 20h18 par APA News La Cor\u00e9e du Sud a proc\u00e9d\u00e9, vendredi \u00e0 Kinshasa, \u00e0 la remise officielle au gouvernement congolais des cl\u00e9s du b\u00e2timent du Mus\u00e9e national de la RDC (MNRDC) construit gr\u00e2ce \u00e0 un financement de l\u2019Agence cor\u00e9enne de coop\u00e9ration internationale (KOICA) \u00e0 hauteur de 21 millions USD.A cette occasion, [&hellip;]<\/p>\n","protected":false},"author":1965,"featured_media":0,"comment_status":"closed","ping_status":"closed","sticky":false,"template":"","format":"standard","meta":{"fifu_image_url":"","fifu_image_alt":"","footnotes":""},"categories":[73,82],"tags":[],"class_list":["post-40672","post","type-post","status-publish","format-standard","hentry","category-actualite","category-cameroun"],"_links":{"self":[{"href":"https:\/\/linitiative.ca\/International\/wp-json\/wp\/v2\/posts\/40672","targetHints":{"allow":["GET"]}}],"collection":[{"href":"https:\/\/linitiative.ca\/International\/wp-json\/wp\/v2\/posts"}],"about":[{"href":"https:\/\/linitiative.ca\/International\/wp-json\/wp\/v2\/types\/post"}],"author":[{"embeddable":true,"href":"https:\/\/linitiative.ca\/International\/wp-json\/wp\/v2\/users\/1965"}],"replies":[{"embeddable":true,"href":"https:\/\/linitiative.ca\/International\/wp-json\/wp\/v2\/comments?post=40672"}],"version-history":[{"count":0,"href":"https:\/\/linitiative.ca\/International\/wp-json\/wp\/v2\/posts\/40672\/revisions"}],"wp:attachment":[{"href":"https:\/\/linitiative.ca\/International\/wp-json\/wp\/v2\/media?parent=40672"}],"wp:term":[{"taxonomy":"category","embeddable":true,"href":"https:\/\/linitiative.ca\/International\/wp-json\/wp\/v2\/categories?post=40672"},{"taxonomy":"post_tag","embeddable":true,"href":"https:\/\/linitiative.ca\/International\/wp-json\/wp\/v2\/tags?post=40672"}],"curies":[{"name":"wp","href":"https:\/\/api.w.org\/{rel}","templated":true}]}}