{"id":40673,"date":"2019-06-14T15:18:10","date_gmt":"2019-06-14T19:18:10","guid":{"rendered":"https:\/\/linitiative.ca\/International\/legypte-condamne-tout-acte-portant-atteinte-a-la-liberte-de-navigation-dans-la-region-du-golfe\/"},"modified":"2019-06-14T15:18:10","modified_gmt":"2019-06-14T19:18:10","slug":"legypte-condamne-tout-acte-portant-atteinte-a-la-liberte-de-navigation-dans-la-region-du-golfe","status":"publish","type":"post","link":"https:\/\/linitiative.ca\/International\/legypte-condamne-tout-acte-portant-atteinte-a-la-liberte-de-navigation-dans-la-region-du-golfe\/","title":{"rendered":"L\u2019Egypte condamne tout acte portant atteinte \u00e0 la libert\u00e9 de navigation dans la r\u00e9gion du Golfe"},"content":{"rendered":"<div readability=\"32\">\n<p>Publi\u00e9 le 14.06.2019 \u00e0 20h18 par APA News<\/p>\n<\/div>\n<div readability=\"74\">\n<p>Le porte-parole du minist\u00e8re \u00e9gyptien des Affaires \u00e9trang\u00e8res, Ahmed Hafez, a d\u00e9clar\u00e9 que l\u2019Egypte suit avec \u00ab inqui\u00e9tude \u00bb les informations faisant \u00e9tat d\u2019une attaque jeudi contre deux p\u00e9troliers dans le golfe d\u2019Oman.Par Mohamed Fayed<\/p>\n<p>Selon Hafez, l\u2019Egypte surveille de pr\u00e8s la situation et attend les r\u00e9sultats de l\u2019enqu\u00eate devant aboutir \u00e0 identifier les circonstances et \u00e0 d\u00e9finir les responsables de cet incident.<\/p>\n<p>\u00c0 cet \u00e9gard, il a soulign\u00e9 que l\u2019Egypte condamne \u00ab tout acte qui porterait atteinte \u00e0 la libert\u00e9 de navigation et \u00e0 la s\u00e9curit\u00e9 des voies navigables et maritimes de la la r\u00e9gion du Golfe \u00bb.<\/p>\n<p>Pour rappel, le Secr\u00e9taire g\u00e9n\u00e9ral de l\u2019ONU, Ant\u00f3nio Guterres, s\u2019est d\u00e9clar\u00e9 inquiet jeudi de l\u2019incident qui a eu lieu dans le d\u00e9troit d\u2019Ormuz jeudi matin et a condamn\u00e9 toute attaque contre des navires civils.<\/p>\n<p>\u00ab Les faits doivent \u00eatre \u00e9tablis et les responsabilit\u00e9s pr\u00e9cis\u00e9es. S\u2019il y a quelque chose que le monde ne peut pas se permettre, c\u2019est une confrontation majeure dans la r\u00e9gion du Golfe \u00bb, a affirm\u00e9 M. Guterres lors d\u2019une r\u00e9union du Conseil de s\u00e9curit\u00e9 de l\u2019ONU consacr\u00e9e \u00e0 la coop\u00e9ration entre l\u2019ONU et la Ligue des Etats arabes.<\/p>\n<p>Selon la presse, deux p\u00e9troliers auraient fait l\u2019objet d\u2019attaques dans le d\u00e9troit d\u2019Ormuz jeudi, contraignant leurs \u00e9quipages \u00e0 abandonner les navires. Ces incidents interviennent un mois apr\u00e8s que quatre p\u00e9troliers ont \u00e9t\u00e9 endommag\u00e9s dans la m\u00eame r\u00e9gion.<\/p>\n<p>Le d\u00e9troit d\u2019Ormuz relie le golfe Arabique au golfe d\u2019Oman. Les pays frontaliers sont l\u2019Iran au nord, Oman et les Emirats arabes unis au sud. Ce d\u00e9troit a une grande importance strat\u00e9gique. Il constitue une voie commerciale essentielle pour le commerce mondial de p\u00e9trole.<\/p>\n<p>Lors de cette r\u00e9union, Ant\u00f3nio Guterres a par ailleurs estim\u00e9 que la coop\u00e9ration entre l\u2019ONU et la Ligue des Etats arabes \u00e9tait cruciale pour pr\u00e9venir des conflits et r\u00e9gler des diff\u00e9rends.<\/p>\n<\/div>\n<p>Auteur: APA News<br \/>\n<a href=\"https:\/\/www.journalducameroun.com\/legypte-condamne-tout-acte-portant-atteinte-a-la-liberte-de-navigation-dans-la-region-du-golfe\/\">Cliquez ici pour lire l&rsquo;article depuis sa source.<\/a><\/p>\n","protected":false},"excerpt":{"rendered":"<p>Publi\u00e9 le 14.06.2019 \u00e0 20h18 par APA News Le porte-parole du minist\u00e8re \u00e9gyptien des Affaires \u00e9trang\u00e8res, Ahmed Hafez, a d\u00e9clar\u00e9 que l\u2019Egypte suit avec \u00ab inqui\u00e9tude \u00bb les informations faisant \u00e9tat d\u2019une attaque jeudi contre deux p\u00e9troliers dans le golfe d\u2019Oman.Par Mohamed Fayed Selon Hafez, l\u2019Egypte surveille de pr\u00e8s la situation et attend les r\u00e9sultats [&hellip;]<\/p>\n","protected":false},"author":1965,"featured_media":0,"comment_status":"closed","ping_status":"closed","sticky":false,"template":"","format":"standard","meta":{"fifu_image_url":"","fifu_image_alt":"","footnotes":""},"categories":[73,82],"tags":[],"class_list":["post-40673","post","type-post","status-publish","format-standard","hentry","category-actualite","category-cameroun"],"_links":{"self":[{"href":"https:\/\/linitiative.ca\/International\/wp-json\/wp\/v2\/posts\/40673","targetHints":{"allow":["GET"]}}],"collection":[{"href":"https:\/\/linitiative.ca\/International\/wp-json\/wp\/v2\/posts"}],"about":[{"href":"https:\/\/linitiative.ca\/International\/wp-json\/wp\/v2\/types\/post"}],"author":[{"embeddable":true,"href":"https:\/\/linitiative.ca\/International\/wp-json\/wp\/v2\/users\/1965"}],"replies":[{"embeddable":true,"href":"https:\/\/linitiative.ca\/International\/wp-json\/wp\/v2\/comments?post=40673"}],"version-history":[{"count":0,"href":"https:\/\/linitiative.ca\/International\/wp-json\/wp\/v2\/posts\/40673\/revisions"}],"wp:attachment":[{"href":"https:\/\/linitiative.ca\/International\/wp-json\/wp\/v2\/media?parent=40673"}],"wp:term":[{"taxonomy":"category","embeddable":true,"href":"https:\/\/linitiative.ca\/International\/wp-json\/wp\/v2\/categories?post=40673"},{"taxonomy":"post_tag","embeddable":true,"href":"https:\/\/linitiative.ca\/International\/wp-json\/wp\/v2\/tags?post=40673"}],"curies":[{"name":"wp","href":"https:\/\/api.w.org\/{rel}","templated":true}]}}