{"id":40703,"date":"2019-06-15T04:15:19","date_gmt":"2019-06-15T08:15:19","guid":{"rendered":"https:\/\/linitiative.ca\/International\/inauguration-officielle-du-smap-paris-2019\/"},"modified":"2019-06-15T04:15:19","modified_gmt":"2019-06-15T08:15:19","slug":"inauguration-officielle-du-smap-paris-2019","status":"publish","type":"post","link":"https:\/\/linitiative.ca\/International\/inauguration-officielle-du-smap-paris-2019\/","title":{"rendered":"Inauguration officielle du Smap Paris 2019"},"content":{"rendered":"<header>\n<\/header>\n<div class=\"entry-content clearfix\" readability=\"37\">\n<p><iframe loading=\"lazy\" width=\"536\" height=\"323\" src=\"\/\/www.youtube.com\/embed\/Ry55_SD-XvU?\" frameborder=\"0\" allowfullscreen=\"\">[embedded content]<\/iframe><\/p>\n<p><span class=\"c4\"><strong>Le Smap Paris a \u00e9t\u00e9 inaugur\u00e9 vendredi 14 juin par Abdelahad Fassi Fihri, ministre de l\u2019am\u00e9nagement du territoire, de l\u2019habitat et la politique de la ville.<\/strong><\/span> <span id=\"more-312998\"\/>La c\u00e9r\u00e9monie d\u2019ouverture a \u00e9t\u00e9 l\u2019occasion de tracer l\u2019\u00e9volution du secteur de l\u2019immobilier et de d\u00e9battre de ses perspectives.<\/p>\n<\/div>\n<p>Auteur: ALM<br \/>\n<a href=\"http:\/\/aujourdhui.ma\/videos\/inauguration-officielle-du-smap-paris-2019\">Cliquez ici pour lire l&rsquo;article depuis sa source.<\/a><\/p>\n","protected":false},"excerpt":{"rendered":"<p>[embedded content] Le Smap Paris a \u00e9t\u00e9 inaugur\u00e9 vendredi 14 juin par Abdelahad Fassi Fihri, ministre de l\u2019am\u00e9nagement du territoire, de l\u2019habitat et la politique de la ville. La c\u00e9r\u00e9monie d\u2019ouverture a \u00e9t\u00e9 l\u2019occasion de tracer l\u2019\u00e9volution du secteur de l\u2019immobilier et de d\u00e9battre de ses perspectives. Auteur: ALM Cliquez ici pour lire l&rsquo;article depuis [&hellip;]<\/p>\n","protected":false},"author":1759,"featured_media":0,"comment_status":"closed","ping_status":"closed","sticky":false,"template":"","format":"standard","meta":{"fifu_image_url":"","fifu_image_alt":"","footnotes":""},"categories":[73,54],"tags":[],"class_list":["post-40703","post","type-post","status-publish","format-standard","hentry","category-actualite","category-maroc"],"_links":{"self":[{"href":"https:\/\/linitiative.ca\/International\/wp-json\/wp\/v2\/posts\/40703","targetHints":{"allow":["GET"]}}],"collection":[{"href":"https:\/\/linitiative.ca\/International\/wp-json\/wp\/v2\/posts"}],"about":[{"href":"https:\/\/linitiative.ca\/International\/wp-json\/wp\/v2\/types\/post"}],"author":[{"embeddable":true,"href":"https:\/\/linitiative.ca\/International\/wp-json\/wp\/v2\/users\/1759"}],"replies":[{"embeddable":true,"href":"https:\/\/linitiative.ca\/International\/wp-json\/wp\/v2\/comments?post=40703"}],"version-history":[{"count":0,"href":"https:\/\/linitiative.ca\/International\/wp-json\/wp\/v2\/posts\/40703\/revisions"}],"wp:attachment":[{"href":"https:\/\/linitiative.ca\/International\/wp-json\/wp\/v2\/media?parent=40703"}],"wp:term":[{"taxonomy":"category","embeddable":true,"href":"https:\/\/linitiative.ca\/International\/wp-json\/wp\/v2\/categories?post=40703"},{"taxonomy":"post_tag","embeddable":true,"href":"https:\/\/linitiative.ca\/International\/wp-json\/wp\/v2\/tags?post=40703"}],"curies":[{"name":"wp","href":"https:\/\/api.w.org\/{rel}","templated":true}]}}