{"id":40710,"date":"2019-06-15T06:04:00","date_gmt":"2019-06-15T10:04:00","guid":{"rendered":"https:\/\/linitiative.ca\/International\/pour-le-regime-bouteflika-la-chute-est-brutale\/"},"modified":"2019-06-15T06:04:00","modified_gmt":"2019-06-15T10:04:00","slug":"pour-le-regime-bouteflika-la-chute-est-brutale","status":"publish","type":"post","link":"https:\/\/linitiative.ca\/International\/pour-le-regime-bouteflika-la-chute-est-brutale\/","title":{"rendered":"Pour le r\u00e9gime Bouteflika, la chute est brutale"},"content":{"rendered":"<div id=\"originalText\" readability=\"107\">\n<p><strong>La chute du \u201cclan Bouteflika\u201d n\u2019est en fait qu\u2019une issue logique des pratiques de ces derni\u00e8res ann\u00e9es.\u00a0Mais les Alg\u00e9riens, de nouveau dans les rues hier, ne sont pas pour autant satisfaits.<\/strong><\/p>\n<p>Pour le deuxi\u00e8me jour cons\u00e9cutif, la Cour supr\u00eame a jug\u00e9, jeudi, un ancien Premier ministre et un ancien ministre. Abdelmalek Sellal et Amara Benyoun\u00e8s, deux figures du r\u00e9gime d\u2019Abdelaziz Bouteflika, ont \u00e9t\u00e9 plac\u00e9 sous mandat de d\u00e9p\u00f4t. Ils ont rejoint Ahmed Ouyahia, incarc\u00e9r\u00e9 la veille \u00e0 la prison d\u2019El-Harrach.\u00a0D\u2019autres suivront, dans les prochains jours, mettant d\u00e9finitivement le r\u00e9gime de l\u2019ancien chef de l\u2019\u00c9tat au banc des accus\u00e9s. La veille d\u2019un nouveau vendredi de mobilisation, les Alg\u00e9riens ont \u00e9t\u00e9 \u201cservis\u201d.\u00a0 Trois figures importantes du \u201cbouteflikisme\u201d ont \u00e9t\u00e9 \u00e9crou\u00e9es. Pour marquer les esprits, la justice a pr\u00e9f\u00e9r\u00e9 frapper \u00e0 la t\u00eate. Avant de juger les anciens ministres et autres cadres de l\u2019\u00c9tat, elle a pr\u00e9f\u00e9r\u00e9 commencer par la t\u00eate. Tout un symbole.<\/p>\n<p>Le chef de file de ce qui est d\u00e9sormais appel\u00e9 \u201cla bande\u201d, la Cour supr\u00eame pr\u00e9f\u00e8re \u00e9voquer \u201cl\u2019affaire Ouyahia et ceux qui sont avec lui\u201d. Pour les trois accus\u00e9s, les m\u00eames chefs d\u2019inculpation sont retenus. Ils sont poursuivis pour \u201cattribution d&rsquo;indus avantages dans le cadre de l&rsquo;octroi de march\u00e9s publics et de contrats\u201d, \u201cconform\u00e9ment \u00e0 l&rsquo;article 26, alin\u00e9a 1 de la loi 01-06 relative \u00e0 la pr\u00e9vention et \u00e0 la lutte contre la corruption, dilapidation de deniers publics, conform\u00e9ment \u00e0 l&rsquo;article 29 de la loi 01-06 relative \u00e0 la pr\u00e9vention et \u00e0 la lutte contre la corruption, abus de pouvoir, conform\u00e9ment \u00e0 l&rsquo;article 33 de la loi 01-06 relative \u00e0 la pr\u00e9vention et \u00e0 la lutte contre la corruption, et abus de fonction, et conflit d&rsquo;int\u00e9r\u00eats, conform\u00e9ment \u00e0 l&rsquo;article 34 de la loi 06-01 relative \u00e0 la pr\u00e9vention et \u00e0 la lutte contre la corruption\u201d, annonce la Cour supr\u00eame dans un communiqu\u00e9.\u00a0<\/p>\n<p class=\"c10\">Les charges sont lourdes et les peines encourues d\u00e9passent les dix ans d\u2019emprisonnement. Mais pour cela, il faut attendre les proc\u00e8s dont la dur\u00e9e prendra des mois. Les dossiers sont lourds, complexes et imbriqu\u00e9s. Selon des indications en provenance de la Cour supr\u00eame, ces proc\u00e8s en r\u00e8gle contre le r\u00e9gime de Bouteflika ne vont pas s\u2019arr\u00eater en si bon chemin. Nombre d\u2019anciens ministres, de d\u00e9put\u00e9s, de s\u00e9nateurs vont d\u00e9filer devant le juge d\u2019instruction d\u00e9sign\u00e9 par la Cour supr\u00eame \u00e0 cet effet.\u00a0<\/p>\n<p>Il est difficile de pr\u00e9voir l\u2019avenir. Mais sur le plan purement politique, le proc\u00e8s est d\u00e9j\u00e0 fait : les allers-retours des fourgons cellulaires de la Cour supr\u00eame, qui remplacent les berlines, qui p\u00e9n\u00e8trent dans l\u2019enceinte judiciaire, sont un vrai proc\u00e8s politique contre un r\u00e9gime qui a baign\u00e9, deux d\u00e9cennies durant, dans l\u2019impunit\u00e9 totale. Ces ministres, Premiers ministres et cadres sup\u00e9rieurs ont fait la pluie et le beau temps durant tout le r\u00e8gne d\u2019Abdelaziz Bouteflika. S\u00fbrs d\u2019eux, prot\u00e9g\u00e9s par la haute autorit\u00e9 politique, ils g\u00e9raient les deniers publics comme s\u2019il s\u2019agissait de leurs biens. Cela est le propre des r\u00e9gimes autoritaires, ill\u00e9gitimes. Cette chute du \u201cclan Bouteflika\u201d n\u2019est en fait qu\u2019une suite logique des pratiques de ces derni\u00e8res ann\u00e9es.<\/p>\n<p>Mais les Alg\u00e9riens, de nouveau dans les rues hier, ne sont pourtant pas satisfaits. Le jugement d\u2019Abdelaziz Bouteflika est r\u00e9clam\u00e9. L\u2019homme est malade, mais sa responsabilit\u00e9 politique est grande. Son fr\u00e8re, devenu le \u201cvice-roi\u201d durant les longues ann\u00e9es d\u2019absence du chef de l\u2019\u00c9tat, n\u2019est toujours pas poursuivi dans les affaires de corruption, malgr\u00e9 une proximit\u00e9 \u00e9tablie avec les oligarques qui se sont partag\u00e9 les grands march\u00e9s publics durant le long r\u00e8gne de l\u2019ancien chef de l\u2019\u00c9tat. Le sera-t-il un jour ? Possible. Mais en attendant, la chute des symboles du bouteflikisme d\u00e9montre que lorsqu\u2019un peuple prend les choses en main, il est difficile de le d\u00e9tourner de son objectif. Il saura m\u00eame essuyer la poussi\u00e8re si jamais elle couvrait ses yeux.<\/p>\n<p class=\"c11\"><strong>Ali Boukhlef<\/strong><\/p>\n<p class=\"c11\">\u00a0<\/p>\n<\/div>\n<div id=\"text_core\" readability=\"107\">\n<p><strong>La chute du \u201cclan Bouteflika\u201d n\u2019est en fait qu\u2019une issue logique des pratiques de ces derni\u00e8res ann\u00e9es.\u00a0Mais les Alg\u00e9riens, de nouveau dans les rues hier, ne sont pas pour autant satisfaits.<\/strong><\/p>\n<p>Pour le deuxi\u00e8me jour cons\u00e9cutif, la Cour supr\u00eame a jug\u00e9, jeudi, un ancien Premier ministre et un ancien ministre. Abdelmalek Sellal et Amara Benyoun\u00e8s, deux figures du r\u00e9gime d\u2019Abdelaziz Bouteflika, ont \u00e9t\u00e9 plac\u00e9 sous mandat de d\u00e9p\u00f4t. Ils ont rejoint Ahmed Ouyahia, incarc\u00e9r\u00e9 la veille \u00e0 la prison d\u2019El-Harrach.\u00a0D\u2019autres suivront, dans les prochains jours, mettant d\u00e9finitivement le r\u00e9gime de l\u2019ancien chef de l\u2019\u00c9tat au banc des accus\u00e9s. La veille d\u2019un nouveau vendredi de mobilisation, les Alg\u00e9riens ont \u00e9t\u00e9 \u201cservis\u201d.\u00a0 Trois figures importantes du \u201cbouteflikisme\u201d ont \u00e9t\u00e9 \u00e9crou\u00e9es. Pour marquer les esprits, la justice a pr\u00e9f\u00e9r\u00e9 frapper \u00e0 la t\u00eate. Avant de juger les anciens ministres et autres cadres de l\u2019\u00c9tat, elle a pr\u00e9f\u00e9r\u00e9 commencer par la t\u00eate. Tout un symbole.<\/p>\n<p>Le chef de file de ce qui est d\u00e9sormais appel\u00e9 \u201cla bande\u201d, la Cour supr\u00eame pr\u00e9f\u00e8re \u00e9voquer \u201cl\u2019affaire Ouyahia et ceux qui sont avec lui\u201d. Pour les trois accus\u00e9s, les m\u00eames chefs d\u2019inculpation sont retenus. Ils sont poursuivis pour \u201cattribution d&rsquo;indus avantages dans le cadre de l&rsquo;octroi de march\u00e9s publics et de contrats\u201d, \u201cconform\u00e9ment \u00e0 l&rsquo;article 26, alin\u00e9a 1 de la loi 01-06 relative \u00e0 la pr\u00e9vention et \u00e0 la lutte contre la corruption, dilapidation de deniers publics, conform\u00e9ment \u00e0 l&rsquo;article 29 de la loi 01-06 relative \u00e0 la pr\u00e9vention et \u00e0 la lutte contre la corruption, abus de pouvoir, conform\u00e9ment \u00e0 l&rsquo;article 33 de la loi 01-06 relative \u00e0 la pr\u00e9vention et \u00e0 la lutte contre la corruption, et abus de fonction, et conflit d&rsquo;int\u00e9r\u00eats, conform\u00e9ment \u00e0 l&rsquo;article 34 de la loi 06-01 relative \u00e0 la pr\u00e9vention et \u00e0 la lutte contre la corruption\u201d, annonce la Cour supr\u00eame dans un communiqu\u00e9.\u00a0<\/p>\n<p class=\"c10\">Les charges sont lourdes et les peines encourues d\u00e9passent les dix ans d\u2019emprisonnement. Mais pour cela, il faut attendre les proc\u00e8s dont la dur\u00e9e prendra des mois. Les dossiers sont lourds, complexes et imbriqu\u00e9s. Selon des indications en provenance de la Cour supr\u00eame, ces proc\u00e8s en r\u00e8gle contre le r\u00e9gime de Bouteflika ne vont pas s\u2019arr\u00eater en si bon chemin. Nombre d\u2019anciens ministres, de d\u00e9put\u00e9s, de s\u00e9nateurs vont d\u00e9filer devant le juge d\u2019instruction d\u00e9sign\u00e9 par la Cour supr\u00eame \u00e0 cet effet.\u00a0<\/p>\n<p>Il est difficile de pr\u00e9voir l\u2019avenir. Mais sur le plan purement politique, le proc\u00e8s est d\u00e9j\u00e0 fait : les allers-retours des fourgons cellulaires de la Cour supr\u00eame, qui remplacent les berlines, qui p\u00e9n\u00e8trent dans l\u2019enceinte judiciaire, sont un vrai proc\u00e8s politique contre un r\u00e9gime qui a baign\u00e9, deux d\u00e9cennies durant, dans l\u2019impunit\u00e9 totale. Ces ministres, Premiers ministres et cadres sup\u00e9rieurs ont fait la pluie et le beau temps durant tout le r\u00e8gne d\u2019Abdelaziz Bouteflika. S\u00fbrs d\u2019eux, prot\u00e9g\u00e9s par la haute autorit\u00e9 politique, ils g\u00e9raient les deniers publics comme s\u2019il s\u2019agissait de leurs biens. Cela est le propre des r\u00e9gimes autoritaires, ill\u00e9gitimes. Cette chute du \u201cclan Bouteflika\u201d n\u2019est en fait qu\u2019une suite logique des pratiques de ces derni\u00e8res ann\u00e9es.<\/p>\n<p>Mais les Alg\u00e9riens, de nouveau dans les rues hier, ne sont pourtant pas satisfaits. Le jugement d\u2019Abdelaziz Bouteflika est r\u00e9clam\u00e9. L\u2019homme est malade, mais sa responsabilit\u00e9 politique est grande. Son fr\u00e8re, devenu le \u201cvice-roi\u201d durant les longues ann\u00e9es d\u2019absence du chef de l\u2019\u00c9tat, n\u2019est toujours pas poursuivi dans les affaires de corruption, malgr\u00e9 une proximit\u00e9 \u00e9tablie avec les oligarques qui se sont partag\u00e9 les grands march\u00e9s publics durant le long r\u00e8gne de l\u2019ancien chef de l\u2019\u00c9tat. Le sera-t-il un jour ? Possible. Mais en attendant, la chute des symboles du bouteflikisme d\u00e9montre que lorsqu\u2019un peuple prend les choses en main, il est difficile de le d\u00e9tourner de son objectif. Il saura m\u00eame essuyer la poussi\u00e8re si jamais elle couvrait ses yeux.<\/p>\n<p class=\"c11\"><strong>Ali Boukhlef<\/strong><\/p>\n<p class=\"c11\">\u00a0<\/p>\n<\/div>\n<p>Auteur:<br \/>\n<a href=\"https:\/\/www.liberte-algerie.com\/actualite\/pour-le-regime-bouteflika-la-chute-est-brutale-317815\">Cliquez ici pour lire l&rsquo;article depuis sa source.<\/a><\/p>\n","protected":false},"excerpt":{"rendered":"<p>La chute du \u201cclan Bouteflika\u201d n\u2019est en fait qu\u2019une issue logique des pratiques de ces derni\u00e8res ann\u00e9es.\u00a0Mais les Alg\u00e9riens, de nouveau dans les rues hier, ne sont pas pour autant satisfaits. Pour le deuxi\u00e8me jour cons\u00e9cutif, la Cour supr\u00eame a jug\u00e9, jeudi, un ancien Premier ministre et un ancien ministre. Abdelmalek Sellal et Amara Benyoun\u00e8s, [&hellip;]<\/p>\n","protected":false},"author":1742,"featured_media":0,"comment_status":"closed","ping_status":"closed","sticky":false,"template":"","format":"standard","meta":{"fifu_image_url":"","fifu_image_alt":"","footnotes":""},"categories":[73,53],"tags":[],"class_list":["post-40710","post","type-post","status-publish","format-standard","hentry","category-actualite","category-algerie"],"_links":{"self":[{"href":"https:\/\/linitiative.ca\/International\/wp-json\/wp\/v2\/posts\/40710","targetHints":{"allow":["GET"]}}],"collection":[{"href":"https:\/\/linitiative.ca\/International\/wp-json\/wp\/v2\/posts"}],"about":[{"href":"https:\/\/linitiative.ca\/International\/wp-json\/wp\/v2\/types\/post"}],"author":[{"embeddable":true,"href":"https:\/\/linitiative.ca\/International\/wp-json\/wp\/v2\/users\/1742"}],"replies":[{"embeddable":true,"href":"https:\/\/linitiative.ca\/International\/wp-json\/wp\/v2\/comments?post=40710"}],"version-history":[{"count":0,"href":"https:\/\/linitiative.ca\/International\/wp-json\/wp\/v2\/posts\/40710\/revisions"}],"wp:attachment":[{"href":"https:\/\/linitiative.ca\/International\/wp-json\/wp\/v2\/media?parent=40710"}],"wp:term":[{"taxonomy":"category","embeddable":true,"href":"https:\/\/linitiative.ca\/International\/wp-json\/wp\/v2\/categories?post=40710"},{"taxonomy":"post_tag","embeddable":true,"href":"https:\/\/linitiative.ca\/International\/wp-json\/wp\/v2\/tags?post=40710"}],"curies":[{"name":"wp","href":"https:\/\/api.w.org\/{rel}","templated":true}]}}