{"id":40711,"date":"2019-06-15T06:04:00","date_gmt":"2019-06-15T10:04:00","guid":{"rendered":"https:\/\/linitiative.ca\/International\/rnd-la-course-a-la-direction-relancee\/"},"modified":"2019-06-15T06:04:00","modified_gmt":"2019-06-15T10:04:00","slug":"rnd-la-course-a-la-direction-relancee","status":"publish","type":"post","link":"https:\/\/linitiative.ca\/International\/rnd-la-course-a-la-direction-relancee\/","title":{"rendered":"RND : la course \u00e0 la direction relanc\u00e9e"},"content":{"rendered":"<div id=\"originalText\" readability=\"90\">\n<p>L\u2019incarc\u00e9ration de l\u2019ancien Premier ministre, Ahmed Ouyahia, a sembl\u00e9 donner des ailes \u00e0 ses concurrents au sein de son parti le RND o\u00f9 vient de se relancer la course \u00e0 la succession comme en t\u00e9moigne la sortie quasi simultan\u00e9e des deux principaux pr\u00e9tendants qui jouent des coudes pour prendre le poste de secr\u00e9taire g\u00e9n\u00e9ral.\u00a0Il y a eu d\u2019abord cette r\u00e9action de Seddik Chiheb, l\u2019ex-porte-parole et membre du bureau national du RND, qui a publi\u00e9 un communiqu\u00e9 o\u00f9 il lance un appel aux cadres du parti, ses militants, pour rester \u201cfid\u00e8les\u201d, et o\u00f9 il propose la tenue d\u2019un \u201cdialogue national global, inclusif en pr\u00e9vision de l\u2019\u00e9lection pr\u00e9sidentielle\u201d.<\/p>\n<p>Dans cette d\u00e9claration sous l\u2019\u00e9gide du porte-parole du RND, le responsable et non moins chef de bureau de la wilaya d\u2019Alger souligne que son parti \u201cr\u00e9it\u00e8re sa confiance en la justice pour combattre la corruption et les corrupteurs et ceux qui ont trahi la confiance du peuple et utilis\u00e9 leur poste de responsabilit\u00e9 \u00e0 des fins d\u2019enrichissement personnel ill\u00e9gal et de dilapidation de l\u2019argent public\u201d. Il a, en rappelant les conditions de cr\u00e9ation du\u00a0 RND \u00e0 \u201cun moment o\u00f9 l\u2019\u00c9tat a failli \u00eatre emport\u00e9 par une crise avec les acquis du projet national fond\u00e9s sur la d\u00e9claration du 1er Novembre\u201d, abord\u00e9 ensuite la situation actuelle du parti, \u00e0 la lumi\u00e8re de la mise en d\u00e9tention provisoire d\u2019Ahmed Ouyahia.<\/p>\n<p>Seddik Chiheb a lanc\u00e9 un appel aux cadres du parti, \u00e0 ses militants, dans leur diversit\u00e9, pour rester \u201cfid\u00e8les\u201d, mais surtout \u00e0 \u0153uvrer pour l\u2019\u00e9mergence d\u2019une \u201csolution consensuelle\u201d qui r\u00e9ponde aux attentes du hirak pour permettre au pays de sortir de la crise politique. Seddik Chiheb, qui apporte son soutien \u00e0 la solution du pouvoir, a propos\u00e9 un \u201cdialogue national global, inclusif, en pr\u00e9vision de l\u2019\u00e9lection pr\u00e9sidentielle\u201d et appel\u00e9 \u00e0 la mise en place d\u2019une commission nationale ind\u00e9pendante pour l\u2019organisation et la supervision de la pr\u00e9sidentielle, tout en sugg\u00e9rant la prise de mesures politiques d\u2019apaisement en direction de l\u2019opposition et du\u00a0hirak.<\/p>\n<p>Pour sa part, l\u2019ancien secr\u00e9taire national \u00e0 la jeunesse, et non moins auteur de la fronde contre Ahmed Ouyahia, a mis \u00e0 profit l\u2019incarc\u00e9ration de ce dernier, pour r\u00e9it\u00e9rer sa demande pour la tenue de la commission de pr\u00e9paration du congr\u00e8s extraordinaire afin d\u2019\u00e9lire un nouveau secr\u00e9taire g\u00e9n\u00e9ral du parti, en appelant, dans ce sens, les membres du bureau national \u00e0 se r\u00e9unir pour d\u00e9clarer l\u2019\u00e9tat de vacance du poste de secr\u00e9taire g\u00e9n\u00e9ral. Belkacem Mellah, qui a rappel\u00e9 son opposition \u00e0 Ouyahia depuis 2016, a estim\u00e9 que Seddik Chiheb est toujours consid\u00e9r\u00e9 comme le porte-parole du parti tant qu\u2019il n\u2019a pas \u00e9t\u00e9 traduit devant la commission de discipline qui est la seule habilit\u00e9e \u00e0 qualifier la faute dont il a \u00e9t\u00e9 accus\u00e9, suivant laquelle, il est soit exclu du parti, de l\u2019instance qu\u2019il dirige (il est le chef de bureau de la wilaya d\u2019Alger), soit de la fonction de porte-parole du parti.<\/p>\n<p>Il a soutenu que contrairement \u00e0 cela, Seddik Chiheb a \u00e9t\u00e9 d\u00e9mis de ses fonctions de porte-parole administrativement, sans pour autant que la proc\u00e9dure en question n\u2019ai \u00e9t\u00e9 poursuivie jusqu\u2019au bout.<br \/>\u00a0<\/p>\n<p class=\"c10\"><strong>A. R.<\/strong><\/p>\n<\/div>\n<div id=\"text_core\" readability=\"90\">\n<p>L\u2019incarc\u00e9ration de l\u2019ancien Premier ministre, Ahmed Ouyahia, a sembl\u00e9 donner des ailes \u00e0 ses concurrents au sein de son parti le RND o\u00f9 vient de se relancer la course \u00e0 la succession comme en t\u00e9moigne la sortie quasi simultan\u00e9e des deux principaux pr\u00e9tendants qui jouent des coudes pour prendre le poste de secr\u00e9taire g\u00e9n\u00e9ral.\u00a0Il y a eu d\u2019abord cette r\u00e9action de Seddik Chiheb, l\u2019ex-porte-parole et membre du bureau national du RND, qui a publi\u00e9 un communiqu\u00e9 o\u00f9 il lance un appel aux cadres du parti, ses militants, pour rester \u201cfid\u00e8les\u201d, et o\u00f9 il propose la tenue d\u2019un \u201cdialogue national global, inclusif en pr\u00e9vision de l\u2019\u00e9lection pr\u00e9sidentielle\u201d.<\/p>\n<p>Dans cette d\u00e9claration sous l\u2019\u00e9gide du porte-parole du RND, le responsable et non moins chef de bureau de la wilaya d\u2019Alger souligne que son parti \u201cr\u00e9it\u00e8re sa confiance en la justice pour combattre la corruption et les corrupteurs et ceux qui ont trahi la confiance du peuple et utilis\u00e9 leur poste de responsabilit\u00e9 \u00e0 des fins d\u2019enrichissement personnel ill\u00e9gal et de dilapidation de l\u2019argent public\u201d. Il a, en rappelant les conditions de cr\u00e9ation du\u00a0 RND \u00e0 \u201cun moment o\u00f9 l\u2019\u00c9tat a failli \u00eatre emport\u00e9 par une crise avec les acquis du projet national fond\u00e9s sur la d\u00e9claration du 1er Novembre\u201d, abord\u00e9 ensuite la situation actuelle du parti, \u00e0 la lumi\u00e8re de la mise en d\u00e9tention provisoire d\u2019Ahmed Ouyahia.<\/p>\n<p>Seddik Chiheb a lanc\u00e9 un appel aux cadres du parti, \u00e0 ses militants, dans leur diversit\u00e9, pour rester \u201cfid\u00e8les\u201d, mais surtout \u00e0 \u0153uvrer pour l\u2019\u00e9mergence d\u2019une \u201csolution consensuelle\u201d qui r\u00e9ponde aux attentes du hirak pour permettre au pays de sortir de la crise politique. Seddik Chiheb, qui apporte son soutien \u00e0 la solution du pouvoir, a propos\u00e9 un \u201cdialogue national global, inclusif, en pr\u00e9vision de l\u2019\u00e9lection pr\u00e9sidentielle\u201d et appel\u00e9 \u00e0 la mise en place d\u2019une commission nationale ind\u00e9pendante pour l\u2019organisation et la supervision de la pr\u00e9sidentielle, tout en sugg\u00e9rant la prise de mesures politiques d\u2019apaisement en direction de l\u2019opposition et du\u00a0hirak.<\/p>\n<p>Pour sa part, l\u2019ancien secr\u00e9taire national \u00e0 la jeunesse, et non moins auteur de la fronde contre Ahmed Ouyahia, a mis \u00e0 profit l\u2019incarc\u00e9ration de ce dernier, pour r\u00e9it\u00e9rer sa demande pour la tenue de la commission de pr\u00e9paration du congr\u00e8s extraordinaire afin d\u2019\u00e9lire un nouveau secr\u00e9taire g\u00e9n\u00e9ral du parti, en appelant, dans ce sens, les membres du bureau national \u00e0 se r\u00e9unir pour d\u00e9clarer l\u2019\u00e9tat de vacance du poste de secr\u00e9taire g\u00e9n\u00e9ral. Belkacem Mellah, qui a rappel\u00e9 son opposition \u00e0 Ouyahia depuis 2016, a estim\u00e9 que Seddik Chiheb est toujours consid\u00e9r\u00e9 comme le porte-parole du parti tant qu\u2019il n\u2019a pas \u00e9t\u00e9 traduit devant la commission de discipline qui est la seule habilit\u00e9e \u00e0 qualifier la faute dont il a \u00e9t\u00e9 accus\u00e9, suivant laquelle, il est soit exclu du parti, de l\u2019instance qu\u2019il dirige (il est le chef de bureau de la wilaya d\u2019Alger), soit de la fonction de porte-parole du parti.<\/p>\n<p>Il a soutenu que contrairement \u00e0 cela, Seddik Chiheb a \u00e9t\u00e9 d\u00e9mis de ses fonctions de porte-parole administrativement, sans pour autant que la proc\u00e9dure en question n\u2019ai \u00e9t\u00e9 poursuivie jusqu\u2019au bout.<br \/>\u00a0<\/p>\n<p class=\"c10\"><strong>A. R.<\/strong><\/p>\n<\/div>\n<p>Auteur:<br \/>\n<a href=\"https:\/\/www.liberte-algerie.com\/actualite\/rnd-la-course-a-la-direction-relancee-317814\">Cliquez ici pour lire l&rsquo;article depuis sa source.<\/a><\/p>\n","protected":false},"excerpt":{"rendered":"<p>L\u2019incarc\u00e9ration de l\u2019ancien Premier ministre, Ahmed Ouyahia, a sembl\u00e9 donner des ailes \u00e0 ses concurrents au sein de son parti le RND o\u00f9 vient de se relancer la course \u00e0 la succession comme en t\u00e9moigne la sortie quasi simultan\u00e9e des deux principaux pr\u00e9tendants qui jouent des coudes pour prendre le poste de secr\u00e9taire g\u00e9n\u00e9ral.\u00a0Il y [&hellip;]<\/p>\n","protected":false},"author":1742,"featured_media":0,"comment_status":"closed","ping_status":"closed","sticky":false,"template":"","format":"standard","meta":{"fifu_image_url":"","fifu_image_alt":"","footnotes":""},"categories":[73,53],"tags":[],"class_list":["post-40711","post","type-post","status-publish","format-standard","hentry","category-actualite","category-algerie"],"_links":{"self":[{"href":"https:\/\/linitiative.ca\/International\/wp-json\/wp\/v2\/posts\/40711","targetHints":{"allow":["GET"]}}],"collection":[{"href":"https:\/\/linitiative.ca\/International\/wp-json\/wp\/v2\/posts"}],"about":[{"href":"https:\/\/linitiative.ca\/International\/wp-json\/wp\/v2\/types\/post"}],"author":[{"embeddable":true,"href":"https:\/\/linitiative.ca\/International\/wp-json\/wp\/v2\/users\/1742"}],"replies":[{"embeddable":true,"href":"https:\/\/linitiative.ca\/International\/wp-json\/wp\/v2\/comments?post=40711"}],"version-history":[{"count":0,"href":"https:\/\/linitiative.ca\/International\/wp-json\/wp\/v2\/posts\/40711\/revisions"}],"wp:attachment":[{"href":"https:\/\/linitiative.ca\/International\/wp-json\/wp\/v2\/media?parent=40711"}],"wp:term":[{"taxonomy":"category","embeddable":true,"href":"https:\/\/linitiative.ca\/International\/wp-json\/wp\/v2\/categories?post=40711"},{"taxonomy":"post_tag","embeddable":true,"href":"https:\/\/linitiative.ca\/International\/wp-json\/wp\/v2\/tags?post=40711"}],"curies":[{"name":"wp","href":"https:\/\/api.w.org\/{rel}","templated":true}]}}