{"id":40712,"date":"2019-06-15T06:04:00","date_gmt":"2019-06-15T10:04:00","guid":{"rendered":"https:\/\/linitiative.ca\/International\/lincarceration-douyahia-fait-le-tour-de-la-planete\/"},"modified":"2019-06-15T06:04:00","modified_gmt":"2019-06-15T10:04:00","slug":"lincarceration-douyahia-fait-le-tour-de-la-planete","status":"publish","type":"post","link":"https:\/\/linitiative.ca\/International\/lincarceration-douyahia-fait-le-tour-de-la-planete\/","title":{"rendered":"L\u2019incarc\u00e9ration d\u2019Ouyahia fait le tour de la plan\u00e8te"},"content":{"rendered":"<div id=\"originalText\" readability=\"95\">\n<p>La presse internationale a accord\u00e9 un int\u00e9r\u00eat particulier \u00e0 l\u2019incarc\u00e9ration de l\u2019ancien Premier ministre, Ahmed Ouyahia. Reprise en boucle par les cha\u00eenes, l\u2019information a \u00e9t\u00e9 rapport\u00e9e aussi \u00e0 la une de beaucoup de titres de la presse \u00e9crite, notamment en France.\u00a0Sous le titre, \u201cEn Alg\u00e9rie, la chute brutale d\u2019Ahmed Ouyahia\u201d, le quotidien fran\u00e7ais Le Monde a \u00e9voqu\u00e9, dans son article d\u00e9di\u00e9 \u00e0 cet \u00e9v\u00e9nement, une \u201csale journ\u00e9e pour l\u2019homme du sale boulot, l\u2019ancien chef de gouvernement, Ahmed Ouyahia, convoqu\u00e9 mercredi 12 juin par un juge de la Cour supr\u00eame, est ressorti en d\u00e9but de soir\u00e9e dans un fourgon cellulaire\u201d, ajoutant qu\u2019il s\u2019agit d\u2019\u201cune sc\u00e8ne inimaginable en Alg\u00e9rie, il y a encore quatre mois\u201d.\u00a0<\/p>\n<p>La publication y a vu, en outre, une \u201ccruelle ironie\u201d, soulignant que \u201cM. Ouyahia, qui risque jusqu\u2019\u00e0 vingt ans de prison, est ici poursuivi et envoy\u00e9 en d\u00e9tention pr\u00e9ventive au titre d\u2019une loi adopt\u00e9e en 2006, alors\u00a0qu\u2019il \u00e9tait en fonction\u201d. Le Point a estim\u00e9, dans son dernier num\u00e9ro qu\u2019en Alg\u00e9rie, \u201cl&rsquo;arrestation de deux ex-Premiers ministres d\u00e9voile l&rsquo;\u00e9tendue de la corruption\u201d, en indiquant qu\u2019\u201cen l&rsquo;espace de 48 heures, Ahmed Ouyahia et Abdelmalek Sellal ont \u00e9t\u00e9 pr\u00e9sent\u00e9s devant la Cour supr\u00eame et incarc\u00e9r\u00e9s \u00e0 la prison d&rsquo;El-Harrach, dans la banlieue d&rsquo;Alger\u201d.\u00a0<\/p>\n<p>Le m\u00eame journal soutient qu\u2019\u201cau moment de son incarc\u00e9ration \u00e0 la prison d&rsquo;El-Harrach, des Alg\u00e9riens ont manifest\u00e9 leur joie, certains brandissant ou jetant sur le fourgon le transportant en d\u00e9tention des pots de yaourt\u201d, ajoutant qu\u2019\u201cimpopulaire, se qualifiant lui-m\u00eame d&rsquo;homme des sales besognes, Ouyahia cristallisait la col\u00e8re des Alg\u00e9riens contre le pouvoir. L\u00e0, il vient d&rsquo;aggraver son cas avec ces affaires de corruption\u201d. France TVinfo a rappel\u00e9 qu\u2019\u201cAhmed Ouyahia a \u00e9t\u00e9 quatre fois Premier ministre, dont trois sous la pr\u00e9sidence d&rsquo;Abdelaziz Bouteflika (1999-2019)\u201d.\u00a0 M\u00eame son de cloche pour la t\u00e9l\u00e9 publique LCI qui rapporte qu\u2019\u201cOuyahia, nomm\u00e9 pour la derni\u00e8re fois en 2017 est impopulaire.<\/p>\n<p>Il avait \u00e9t\u00e9 limog\u00e9 en mars dernier, pour tenter, en vain, d&rsquo;apaiser la contestation\u201d. La Croix a aussi \u00e9crit sous le titre \u201cEn Alg\u00e9rie, les anciens ministres du pr\u00e9sident Bouteflika tombent\u201d, que \u201cSellal et Ouyahia ont \u00e9t\u00e9 plac\u00e9s en d\u00e9tention provisoire. Une d\u00e9cision de justice qui, loin de calmer la rue, devrait renforcer sa volont\u00e9 de changement alors que les Alg\u00e9riens manifestent, ce vendredi 14 juin, pour la 17e fois\u201d. M\u00eame des journaux africains et am\u00e9ricains se sont empar\u00e9s de l\u2019\u00e9v\u00e9nement, \u00e0 l\u2019instar du Washington Post, du Daily Mail britannique, The Sun et de la cha\u00eene de t\u00e9l\u00e9vision Euronews.<\/p>\n<p class=\"c10\"><strong>A. R.<\/strong><\/p>\n<\/div>\n<div id=\"text_core\" readability=\"95\">\n<p>La presse internationale a accord\u00e9 un int\u00e9r\u00eat particulier \u00e0 l\u2019incarc\u00e9ration de l\u2019ancien Premier ministre, Ahmed Ouyahia. Reprise en boucle par les cha\u00eenes, l\u2019information a \u00e9t\u00e9 rapport\u00e9e aussi \u00e0 la une de beaucoup de titres de la presse \u00e9crite, notamment en France.\u00a0Sous le titre, \u201cEn Alg\u00e9rie, la chute brutale d\u2019Ahmed Ouyahia\u201d, le quotidien fran\u00e7ais Le Monde a \u00e9voqu\u00e9, dans son article d\u00e9di\u00e9 \u00e0 cet \u00e9v\u00e9nement, une \u201csale journ\u00e9e pour l\u2019homme du sale boulot, l\u2019ancien chef de gouvernement, Ahmed Ouyahia, convoqu\u00e9 mercredi 12 juin par un juge de la Cour supr\u00eame, est ressorti en d\u00e9but de soir\u00e9e dans un fourgon cellulaire\u201d, ajoutant qu\u2019il s\u2019agit d\u2019\u201cune sc\u00e8ne inimaginable en Alg\u00e9rie, il y a encore quatre mois\u201d.\u00a0<\/p>\n<p>La publication y a vu, en outre, une \u201ccruelle ironie\u201d, soulignant que \u201cM. Ouyahia, qui risque jusqu\u2019\u00e0 vingt ans de prison, est ici poursuivi et envoy\u00e9 en d\u00e9tention pr\u00e9ventive au titre d\u2019une loi adopt\u00e9e en 2006, alors\u00a0qu\u2019il \u00e9tait en fonction\u201d. Le Point a estim\u00e9, dans son dernier num\u00e9ro qu\u2019en Alg\u00e9rie, \u201cl&rsquo;arrestation de deux ex-Premiers ministres d\u00e9voile l&rsquo;\u00e9tendue de la corruption\u201d, en indiquant qu\u2019\u201cen l&rsquo;espace de 48 heures, Ahmed Ouyahia et Abdelmalek Sellal ont \u00e9t\u00e9 pr\u00e9sent\u00e9s devant la Cour supr\u00eame et incarc\u00e9r\u00e9s \u00e0 la prison d&rsquo;El-Harrach, dans la banlieue d&rsquo;Alger\u201d.\u00a0<\/p>\n<p>Le m\u00eame journal soutient qu\u2019\u201cau moment de son incarc\u00e9ration \u00e0 la prison d&rsquo;El-Harrach, des Alg\u00e9riens ont manifest\u00e9 leur joie, certains brandissant ou jetant sur le fourgon le transportant en d\u00e9tention des pots de yaourt\u201d, ajoutant qu\u2019\u201cimpopulaire, se qualifiant lui-m\u00eame d&rsquo;homme des sales besognes, Ouyahia cristallisait la col\u00e8re des Alg\u00e9riens contre le pouvoir. L\u00e0, il vient d&rsquo;aggraver son cas avec ces affaires de corruption\u201d. France TVinfo a rappel\u00e9 qu\u2019\u201cAhmed Ouyahia a \u00e9t\u00e9 quatre fois Premier ministre, dont trois sous la pr\u00e9sidence d&rsquo;Abdelaziz Bouteflika (1999-2019)\u201d.\u00a0 M\u00eame son de cloche pour la t\u00e9l\u00e9 publique LCI qui rapporte qu\u2019\u201cOuyahia, nomm\u00e9 pour la derni\u00e8re fois en 2017 est impopulaire.<\/p>\n<p>Il avait \u00e9t\u00e9 limog\u00e9 en mars dernier, pour tenter, en vain, d&rsquo;apaiser la contestation\u201d. La Croix a aussi \u00e9crit sous le titre \u201cEn Alg\u00e9rie, les anciens ministres du pr\u00e9sident Bouteflika tombent\u201d, que \u201cSellal et Ouyahia ont \u00e9t\u00e9 plac\u00e9s en d\u00e9tention provisoire. Une d\u00e9cision de justice qui, loin de calmer la rue, devrait renforcer sa volont\u00e9 de changement alors que les Alg\u00e9riens manifestent, ce vendredi 14 juin, pour la 17e fois\u201d. M\u00eame des journaux africains et am\u00e9ricains se sont empar\u00e9s de l\u2019\u00e9v\u00e9nement, \u00e0 l\u2019instar du Washington Post, du Daily Mail britannique, The Sun et de la cha\u00eene de t\u00e9l\u00e9vision Euronews.<\/p>\n<p class=\"c10\"><strong>A. R.<\/strong><\/p>\n<\/div>\n<p>Auteur:<br \/>\n<a href=\"https:\/\/www.liberte-algerie.com\/actualite\/lincarceration-douyahia-fait-le-tour-de-la-planete-317813\">Cliquez ici pour lire l&rsquo;article depuis sa source.<\/a><\/p>\n","protected":false},"excerpt":{"rendered":"<p>La presse internationale a accord\u00e9 un int\u00e9r\u00eat particulier \u00e0 l\u2019incarc\u00e9ration de l\u2019ancien Premier ministre, Ahmed Ouyahia. Reprise en boucle par les cha\u00eenes, l\u2019information a \u00e9t\u00e9 rapport\u00e9e aussi \u00e0 la une de beaucoup de titres de la presse \u00e9crite, notamment en France.\u00a0Sous le titre, \u201cEn Alg\u00e9rie, la chute brutale d\u2019Ahmed Ouyahia\u201d, le quotidien fran\u00e7ais Le Monde [&hellip;]<\/p>\n","protected":false},"author":1742,"featured_media":0,"comment_status":"closed","ping_status":"closed","sticky":false,"template":"","format":"standard","meta":{"fifu_image_url":"","fifu_image_alt":"","footnotes":""},"categories":[73,53],"tags":[],"class_list":["post-40712","post","type-post","status-publish","format-standard","hentry","category-actualite","category-algerie"],"_links":{"self":[{"href":"https:\/\/linitiative.ca\/International\/wp-json\/wp\/v2\/posts\/40712","targetHints":{"allow":["GET"]}}],"collection":[{"href":"https:\/\/linitiative.ca\/International\/wp-json\/wp\/v2\/posts"}],"about":[{"href":"https:\/\/linitiative.ca\/International\/wp-json\/wp\/v2\/types\/post"}],"author":[{"embeddable":true,"href":"https:\/\/linitiative.ca\/International\/wp-json\/wp\/v2\/users\/1742"}],"replies":[{"embeddable":true,"href":"https:\/\/linitiative.ca\/International\/wp-json\/wp\/v2\/comments?post=40712"}],"version-history":[{"count":0,"href":"https:\/\/linitiative.ca\/International\/wp-json\/wp\/v2\/posts\/40712\/revisions"}],"wp:attachment":[{"href":"https:\/\/linitiative.ca\/International\/wp-json\/wp\/v2\/media?parent=40712"}],"wp:term":[{"taxonomy":"category","embeddable":true,"href":"https:\/\/linitiative.ca\/International\/wp-json\/wp\/v2\/categories?post=40712"},{"taxonomy":"post_tag","embeddable":true,"href":"https:\/\/linitiative.ca\/International\/wp-json\/wp\/v2\/tags?post=40712"}],"curies":[{"name":"wp","href":"https:\/\/api.w.org\/{rel}","templated":true}]}}