{"id":40714,"date":"2019-06-15T06:04:00","date_gmt":"2019-06-15T10:04:00","guid":{"rendered":"https:\/\/linitiative.ca\/International\/le-wali-ouvre-la-boite-de-pandore\/"},"modified":"2019-06-15T06:04:00","modified_gmt":"2019-06-15T10:04:00","slug":"le-wali-ouvre-la-boite-de-pandore","status":"publish","type":"post","link":"https:\/\/linitiative.ca\/International\/le-wali-ouvre-la-boite-de-pandore\/","title":{"rendered":"Le wali ouvre la bo\u00eete de Pandore"},"content":{"rendered":"<div id=\"originalText\" readability=\"82\">\n<p class=\"c10\">Qualifi\u00e9e d\u2019\u201cabusive\u201d, la r\u00e9vocation du SG de l\u2019APC de\u00a0Tamanrasset a suscit\u00e9 col\u00e8re et indignation des notables de la r\u00e9gion, mais surtout des \u00e9lus de l\u2019assembl\u00e9e qui d\u00e9noncent \u201cune exaction de trop\u201d, consacrant les vieilles pratiques d\u2019un r\u00e9gime despotique et autoritaire. Le wali, Djilali Doumi, qui a motiv\u00e9 sa d\u00e9cision par \u201cla non-assistance du responsable mis en cause aux r\u00e9unions officielles et le non-accomplissement des missions qui lui ont \u00e9t\u00e9 d\u00e9volues\u201d, aura plut\u00f4t trouv\u00e9 un autre mobile \u00e0 cette affaire qui sonne comme \u201cun avertissement \u00e0 tous ceux qui osent se dresser contre lui, notamment concernant les consultations de complaisance et les passations de commandes douteuses\u201d, accuse un responsable de l\u2019Apc, qui se dit solidaire avec le SG limog\u00e9 pour le d\u00e9vouement et la loyaut\u00e9 dont il a fait preuve depuis son installation dans ce poste, en avril 2018.\u00a0<\/p>\n<p>Tout en appelant \u00e0 un rassemblement de soutien \u00e0 son coll\u00e8gue, notre interlocuteur tire \u00e0 boulets rouges sur le chef de l\u2019ex\u00e9cutif, qui semble avoir pr\u00e9cipit\u00e9 son d\u00e9part de cette wilaya \u00e0 la faveur du tout prochain mouvement pr\u00e9vu dans le corps des walis, en mettant fin aux fonctions d\u2019un cadre local, alors qu\u2019il \u00e9tait en cong\u00e9 annuel. \u201cC\u2019est inconcevable et inadmissible ! Nous sommes dans un pays de droit et non pas dans une jungle. Le wali se doit d\u2019expliquer les v\u00e9ritables motivations de cette r\u00e9vocation, car l\u2019alibi qu\u2019il a voulu nous faire avaler ne tient pas la route. La c\u00e9l\u00e9rit\u00e9 dont il fait preuve pour relever le SG de l\u2019Apc pr\u00eate s\u00e9rieusement \u00e0 sp\u00e9culation\u201d, tonne le m\u00eame responsable. Et de rench\u00e9rir : \u201cIl a fallu 10 mois pour la signature de la d\u00e9cision de d\u00e9tachement chargeant le concern\u00e9 d\u2019occuper le poste de secr\u00e9taire g\u00e9n\u00e9ral \u00e0 l\u2019Apc de\u00a0Tamanrasset bien qu\u2019il soit install\u00e9 au terme d\u2019un PV d\u00fbment sign\u00e9 par le maire.<\/p>\n<p>Pour sa r\u00e9vocation, il a juste fallu un coup t\u00e9l\u00e9phone, et l\u2019arr\u00eat\u00e9 \u00e9tait pr\u00eat. Il y a anguille sous roche !\u201d Un \u00e9lu lui embo\u00eetant le pas explique cette d\u00e9cision farfelue par le t\u00e9moignage compromettant apport\u00e9 par le d\u00e9sormais ex-SG lors de son audition par la gendarmerie dans le cadre d\u2019une enqu\u00eate sur le projet portant acquisition de lampadaires Led destin\u00e9s \u00e0 la r\u00e9habilitation du r\u00e9seau d\u2019\u00e9clairage public dans certains quartiers de la ville. \u201cLe projet contest\u00e9 par deux membres de l\u2019assembl\u00e9e \u00e9lue, qui ont d\u00e9pos\u00e9 une plainte aupr\u00e8s des instances juridiques comp\u00e9tentes, aurait \u00e9t\u00e9 octroy\u00e9 \u00e0 un fournisseur recommand\u00e9 par la wilaya, bien avant l\u2019accomplissement des proc\u00e9dures \u00e9dict\u00e9es par le code des march\u00e9s publics.<\/p>\n<p>Le fournisseur a livr\u00e9\u00a0540 lampadaires LED pour un montant d\u2019un peu plus de\u00a0990 millions de centimes, alors que la consultation n\u2019a m\u00eame pas eu lieu\u201d, a-t-il d\u00e9nonc\u00e9, document \u00e0 l\u2019appui. Pour de plus amples informations sur cette affaire, particuli\u00e8rement sur ce limogeage qui a d\u00e9cha\u00een\u00e9 les r\u00e9seaux sociaux, nous avons contact\u00e9 le SG en question, Abdelkader Messek.\u00a0Cependant, il s\u2019est refus\u00e9 \u00e0 toute d\u00e9claration \u00e0 la presse. \u00c0 son tour, le P\/Apc de Tamanrasset, Cheikh Badi, s\u2019en lave les mains et renvoie la balle au wali. Au sujet de l\u2019acquisition des lampadaires Led, il affirme que \u201cl\u2019op\u00e9ration s\u2019est d\u00e9roul\u00e9e en bonne et due\u00a0forme et que le fournisseur\u00a0n\u2019a aucun lien avec le wali ni avec son SG\u201d.\u00a0<\/p>\n<p class=\"c11\"><strong>RABAH KARECHE<\/strong><\/p>\n<\/div>\n<div id=\"text_core\" readability=\"82\">\n<p class=\"c10\">Qualifi\u00e9e d\u2019\u201cabusive\u201d, la r\u00e9vocation du SG de l\u2019APC de\u00a0Tamanrasset a suscit\u00e9 col\u00e8re et indignation des notables de la r\u00e9gion, mais surtout des \u00e9lus de l\u2019assembl\u00e9e qui d\u00e9noncent \u201cune exaction de trop\u201d, consacrant les vieilles pratiques d\u2019un r\u00e9gime despotique et autoritaire. Le wali, Djilali Doumi, qui a motiv\u00e9 sa d\u00e9cision par \u201cla non-assistance du responsable mis en cause aux r\u00e9unions officielles et le non-accomplissement des missions qui lui ont \u00e9t\u00e9 d\u00e9volues\u201d, aura plut\u00f4t trouv\u00e9 un autre mobile \u00e0 cette affaire qui sonne comme \u201cun avertissement \u00e0 tous ceux qui osent se dresser contre lui, notamment concernant les consultations de complaisance et les passations de commandes douteuses\u201d, accuse un responsable de l\u2019Apc, qui se dit solidaire avec le SG limog\u00e9 pour le d\u00e9vouement et la loyaut\u00e9 dont il a fait preuve depuis son installation dans ce poste, en avril 2018.\u00a0<\/p>\n<p>Tout en appelant \u00e0 un rassemblement de soutien \u00e0 son coll\u00e8gue, notre interlocuteur tire \u00e0 boulets rouges sur le chef de l\u2019ex\u00e9cutif, qui semble avoir pr\u00e9cipit\u00e9 son d\u00e9part de cette wilaya \u00e0 la faveur du tout prochain mouvement pr\u00e9vu dans le corps des walis, en mettant fin aux fonctions d\u2019un cadre local, alors qu\u2019il \u00e9tait en cong\u00e9 annuel. \u201cC\u2019est inconcevable et inadmissible ! Nous sommes dans un pays de droit et non pas dans une jungle. Le wali se doit d\u2019expliquer les v\u00e9ritables motivations de cette r\u00e9vocation, car l\u2019alibi qu\u2019il a voulu nous faire avaler ne tient pas la route. La c\u00e9l\u00e9rit\u00e9 dont il fait preuve pour relever le SG de l\u2019Apc pr\u00eate s\u00e9rieusement \u00e0 sp\u00e9culation\u201d, tonne le m\u00eame responsable. Et de rench\u00e9rir : \u201cIl a fallu 10 mois pour la signature de la d\u00e9cision de d\u00e9tachement chargeant le concern\u00e9 d\u2019occuper le poste de secr\u00e9taire g\u00e9n\u00e9ral \u00e0 l\u2019Apc de\u00a0Tamanrasset bien qu\u2019il soit install\u00e9 au terme d\u2019un PV d\u00fbment sign\u00e9 par le maire.<\/p>\n<p>Pour sa r\u00e9vocation, il a juste fallu un coup t\u00e9l\u00e9phone, et l\u2019arr\u00eat\u00e9 \u00e9tait pr\u00eat. Il y a anguille sous roche !\u201d Un \u00e9lu lui embo\u00eetant le pas explique cette d\u00e9cision farfelue par le t\u00e9moignage compromettant apport\u00e9 par le d\u00e9sormais ex-SG lors de son audition par la gendarmerie dans le cadre d\u2019une enqu\u00eate sur le projet portant acquisition de lampadaires Led destin\u00e9s \u00e0 la r\u00e9habilitation du r\u00e9seau d\u2019\u00e9clairage public dans certains quartiers de la ville. \u201cLe projet contest\u00e9 par deux membres de l\u2019assembl\u00e9e \u00e9lue, qui ont d\u00e9pos\u00e9 une plainte aupr\u00e8s des instances juridiques comp\u00e9tentes, aurait \u00e9t\u00e9 octroy\u00e9 \u00e0 un fournisseur recommand\u00e9 par la wilaya, bien avant l\u2019accomplissement des proc\u00e9dures \u00e9dict\u00e9es par le code des march\u00e9s publics.<\/p>\n<p>Le fournisseur a livr\u00e9\u00a0540 lampadaires LED pour un montant d\u2019un peu plus de\u00a0990 millions de centimes, alors que la consultation n\u2019a m\u00eame pas eu lieu\u201d, a-t-il d\u00e9nonc\u00e9, document \u00e0 l\u2019appui. Pour de plus amples informations sur cette affaire, particuli\u00e8rement sur ce limogeage qui a d\u00e9cha\u00een\u00e9 les r\u00e9seaux sociaux, nous avons contact\u00e9 le SG en question, Abdelkader Messek.\u00a0Cependant, il s\u2019est refus\u00e9 \u00e0 toute d\u00e9claration \u00e0 la presse. \u00c0 son tour, le P\/Apc de Tamanrasset, Cheikh Badi, s\u2019en lave les mains et renvoie la balle au wali. Au sujet de l\u2019acquisition des lampadaires Led, il affirme que \u201cl\u2019op\u00e9ration s\u2019est d\u00e9roul\u00e9e en bonne et due\u00a0forme et que le fournisseur\u00a0n\u2019a aucun lien avec le wali ni avec son SG\u201d.\u00a0<\/p>\n<p class=\"c11\"><strong>RABAH KARECHE<\/strong><\/p>\n<\/div>\n<p>Auteur:<br \/>\n<a href=\"https:\/\/www.liberte-algerie.com\/actualite\/le-wali-ouvre-la-boite-de-pandore-317811\">Cliquez ici pour lire l&rsquo;article depuis sa source.<\/a><\/p>\n","protected":false},"excerpt":{"rendered":"<p>Qualifi\u00e9e d\u2019\u201cabusive\u201d, la r\u00e9vocation du SG de l\u2019APC de\u00a0Tamanrasset a suscit\u00e9 col\u00e8re et indignation des notables de la r\u00e9gion, mais surtout des \u00e9lus de l\u2019assembl\u00e9e qui d\u00e9noncent \u201cune exaction de trop\u201d, consacrant les vieilles pratiques d\u2019un r\u00e9gime despotique et autoritaire. Le wali, Djilali Doumi, qui a motiv\u00e9 sa d\u00e9cision par \u201cla non-assistance du responsable mis [&hellip;]<\/p>\n","protected":false},"author":1742,"featured_media":0,"comment_status":"closed","ping_status":"closed","sticky":false,"template":"","format":"standard","meta":{"fifu_image_url":"","fifu_image_alt":"","footnotes":""},"categories":[73,53],"tags":[],"class_list":["post-40714","post","type-post","status-publish","format-standard","hentry","category-actualite","category-algerie"],"_links":{"self":[{"href":"https:\/\/linitiative.ca\/International\/wp-json\/wp\/v2\/posts\/40714","targetHints":{"allow":["GET"]}}],"collection":[{"href":"https:\/\/linitiative.ca\/International\/wp-json\/wp\/v2\/posts"}],"about":[{"href":"https:\/\/linitiative.ca\/International\/wp-json\/wp\/v2\/types\/post"}],"author":[{"embeddable":true,"href":"https:\/\/linitiative.ca\/International\/wp-json\/wp\/v2\/users\/1742"}],"replies":[{"embeddable":true,"href":"https:\/\/linitiative.ca\/International\/wp-json\/wp\/v2\/comments?post=40714"}],"version-history":[{"count":0,"href":"https:\/\/linitiative.ca\/International\/wp-json\/wp\/v2\/posts\/40714\/revisions"}],"wp:attachment":[{"href":"https:\/\/linitiative.ca\/International\/wp-json\/wp\/v2\/media?parent=40714"}],"wp:term":[{"taxonomy":"category","embeddable":true,"href":"https:\/\/linitiative.ca\/International\/wp-json\/wp\/v2\/categories?post=40714"},{"taxonomy":"post_tag","embeddable":true,"href":"https:\/\/linitiative.ca\/International\/wp-json\/wp\/v2\/tags?post=40714"}],"curies":[{"name":"wp","href":"https:\/\/api.w.org\/{rel}","templated":true}]}}