{"id":40722,"date":"2019-06-14T16:59:52","date_gmt":"2019-06-14T20:59:52","guid":{"rendered":"https:\/\/linitiative.ca\/International\/arrestation-dune-personne-pour-vol-dargent\/"},"modified":"2019-06-14T16:59:52","modified_gmt":"2019-06-14T20:59:52","slug":"arrestation-dune-personne-pour-vol-dargent","status":"publish","type":"post","link":"https:\/\/linitiative.ca\/International\/arrestation-dune-personne-pour-vol-dargent\/","title":{"rendered":"Arrestation d\u2019une personne pour vol d\u2019argent"},"content":{"rendered":"<div class=\"single-featured\"><img alt=\"\" data-src=\"http:\/\/www.mapmarrakech.ma\/map\/uploads\/2019\/06\/arrestation-copier.jpg\"\/><\/div>\n<div class=\"single-post-excerpt post-excerpt-bc\" readability=\"35\">\n<p>Marrakech \u2013 Les services s\u00e9curitaires du district de police de M\u00e9dina-Gu\u00e9liz ont r\u00e9ussi cette semaine, \u00e0 \u00e9lucider une affaire de vol d\u2019une importante somme d\u2019argent appartenant \u00e0 un client d\u2019une maison d\u2019h\u00f4tes situ\u00e9e dans la M\u00e9dina de Marrakech.<\/p>\n<\/div>\n<div class=\"entry-content clearfix single-post-content\" readability=\"36\">\n<p>Selon une source s\u00e9curitaire, les investigations men\u00e9es dans le cadre de cette affaire se sont sold\u00e9es par l\u2019identification de la principale personne impliqu\u00e9e qui a avou\u00e9 son crime.<\/p>\n<p>Le mis en cause a \u00e9t\u00e9 plac\u00e9 en garde \u00e0 vue pour les besoins de l\u2019enqu\u00eate.<\/p>\n<\/div>\n<p>Auteur: Meriem IGASS<br \/>\n<a href=\"http:\/\/www.mapmarrakech.ma\/fr\/arrestation-dune-personne-pour-vol-dune-somme-dargent\/\">Cliquez ici pour lire l&rsquo;article depuis sa source.<\/a><\/p>\n","protected":false},"excerpt":{"rendered":"<p>Marrakech \u2013 Les services s\u00e9curitaires du district de police de M\u00e9dina-Gu\u00e9liz ont r\u00e9ussi cette semaine, \u00e0 \u00e9lucider une affaire de vol d\u2019une importante somme d\u2019argent appartenant \u00e0 un client d\u2019une maison d\u2019h\u00f4tes situ\u00e9e dans la M\u00e9dina de Marrakech. Selon une source s\u00e9curitaire, les investigations men\u00e9es dans le cadre de cette affaire se sont sold\u00e9es par [&hellip;]<\/p>\n","protected":false},"author":1788,"featured_media":40723,"comment_status":"closed","ping_status":"closed","sticky":false,"template":"","format":"standard","meta":{"fifu_image_url":"","fifu_image_alt":"","footnotes":""},"categories":[54,76],"tags":[],"class_list":["post-40722","post","type-post","status-publish","format-standard","has-post-thumbnail","hentry","category-maroc","category-regions"],"_links":{"self":[{"href":"https:\/\/linitiative.ca\/International\/wp-json\/wp\/v2\/posts\/40722","targetHints":{"allow":["GET"]}}],"collection":[{"href":"https:\/\/linitiative.ca\/International\/wp-json\/wp\/v2\/posts"}],"about":[{"href":"https:\/\/linitiative.ca\/International\/wp-json\/wp\/v2\/types\/post"}],"author":[{"embeddable":true,"href":"https:\/\/linitiative.ca\/International\/wp-json\/wp\/v2\/users\/1788"}],"replies":[{"embeddable":true,"href":"https:\/\/linitiative.ca\/International\/wp-json\/wp\/v2\/comments?post=40722"}],"version-history":[{"count":0,"href":"https:\/\/linitiative.ca\/International\/wp-json\/wp\/v2\/posts\/40722\/revisions"}],"wp:featuredmedia":[{"embeddable":true,"href":"https:\/\/linitiative.ca\/International\/wp-json\/"}],"wp:attachment":[{"href":"https:\/\/linitiative.ca\/International\/wp-json\/wp\/v2\/media?parent=40722"}],"wp:term":[{"taxonomy":"category","embeddable":true,"href":"https:\/\/linitiative.ca\/International\/wp-json\/wp\/v2\/categories?post=40722"},{"taxonomy":"post_tag","embeddable":true,"href":"https:\/\/linitiative.ca\/International\/wp-json\/wp\/v2\/tags?post=40722"}],"curies":[{"name":"wp","href":"https:\/\/api.w.org\/{rel}","templated":true}]}}