{"id":40724,"date":"2019-06-14T17:41:14","date_gmt":"2019-06-14T21:41:14","guid":{"rendered":"https:\/\/linitiative.ca\/International\/arrestation-dun-trafiquant-de-drogue\/"},"modified":"2019-06-14T17:41:14","modified_gmt":"2019-06-14T21:41:14","slug":"arrestation-dun-trafiquant-de-drogue","status":"publish","type":"post","link":"https:\/\/linitiative.ca\/International\/arrestation-dun-trafiquant-de-drogue\/","title":{"rendered":"Arrestation d\u2019un trafiquant de drogue"},"content":{"rendered":"<div class=\"single-featured\"><img alt=\"\" data-src=\"http:\/\/www.mapmarrakech.ma\/map\/uploads\/2019\/05\/chira-copier.jpg\"\/><\/div>\n<div class=\"single-post-excerpt post-excerpt-bc\" readability=\"37\">\n<p>Marrakech \u2013 Les services s\u00e9curitaires du district de police M\u00e9dina-Gu\u00e9liz relevant de la pr\u00e9fecture de police de Marrakech ont proc\u00e9d\u00e9 cette semaine, \u00e0 l\u2019arrestation d\u2019une personne au niveau du Douar Akioud, faisant l\u2019objet d\u2019un avis de recherche au niveau national pour trafic de drogue.<\/p>\n<\/div>\n<div class=\"entry-content clearfix single-post-content\" readability=\"38\">\n<p>Selon une source s\u00e9curitaire, le mis en cause a \u00e9t\u00e9 interpell\u00e9 en possession d\u2019un grand couteau ainsi que du cannabis m\u00eal\u00e9 \u00e0 du tabac de contrebande dissimul\u00e9 \u00e0 l\u2019int\u00e9rieur d\u2019une voiture qu\u2019il conduisait.<\/p>\n<p>Le pr\u00e9venu a \u00e9t\u00e9 plac\u00e9 en garde \u00e0 vue avant d\u2019\u00eatre d\u00e9f\u00e9r\u00e9 devant la justice alors que l\u2019enqu\u00eate se poursuit pour l\u2019arrestation d\u2019\u00e9ventuels complices.<\/p>\n<\/div>\n<p>Auteur: Meriem IGASS<br \/>\n<a href=\"http:\/\/www.mapmarrakech.ma\/fr\/arrestation-dun-trafiquant-de-drogue\/\">Cliquez ici pour lire l&rsquo;article depuis sa source.<\/a><\/p>\n","protected":false},"excerpt":{"rendered":"<p>Marrakech \u2013 Les services s\u00e9curitaires du district de police M\u00e9dina-Gu\u00e9liz relevant de la pr\u00e9fecture de police de Marrakech ont proc\u00e9d\u00e9 cette semaine, \u00e0 l\u2019arrestation d\u2019une personne au niveau du Douar Akioud, faisant l\u2019objet d\u2019un avis de recherche au niveau national pour trafic de drogue. Selon une source s\u00e9curitaire, le mis en cause a \u00e9t\u00e9 interpell\u00e9 [&hellip;]<\/p>\n","protected":false},"author":1788,"featured_media":40725,"comment_status":"closed","ping_status":"closed","sticky":false,"template":"","format":"standard","meta":{"fifu_image_url":"","fifu_image_alt":"","footnotes":""},"categories":[54,76],"tags":[],"class_list":["post-40724","post","type-post","status-publish","format-standard","has-post-thumbnail","hentry","category-maroc","category-regions"],"_links":{"self":[{"href":"https:\/\/linitiative.ca\/International\/wp-json\/wp\/v2\/posts\/40724","targetHints":{"allow":["GET"]}}],"collection":[{"href":"https:\/\/linitiative.ca\/International\/wp-json\/wp\/v2\/posts"}],"about":[{"href":"https:\/\/linitiative.ca\/International\/wp-json\/wp\/v2\/types\/post"}],"author":[{"embeddable":true,"href":"https:\/\/linitiative.ca\/International\/wp-json\/wp\/v2\/users\/1788"}],"replies":[{"embeddable":true,"href":"https:\/\/linitiative.ca\/International\/wp-json\/wp\/v2\/comments?post=40724"}],"version-history":[{"count":0,"href":"https:\/\/linitiative.ca\/International\/wp-json\/wp\/v2\/posts\/40724\/revisions"}],"wp:featuredmedia":[{"embeddable":true,"href":"https:\/\/linitiative.ca\/International\/wp-json\/"}],"wp:attachment":[{"href":"https:\/\/linitiative.ca\/International\/wp-json\/wp\/v2\/media?parent=40724"}],"wp:term":[{"taxonomy":"category","embeddable":true,"href":"https:\/\/linitiative.ca\/International\/wp-json\/wp\/v2\/categories?post=40724"},{"taxonomy":"post_tag","embeddable":true,"href":"https:\/\/linitiative.ca\/International\/wp-json\/wp\/v2\/tags?post=40724"}],"curies":[{"name":"wp","href":"https:\/\/api.w.org\/{rel}","templated":true}]}}