{"id":40726,"date":"2019-06-14T17:48:05","date_gmt":"2019-06-14T21:48:05","guid":{"rendered":"https:\/\/linitiative.ca\/International\/examen-du-plan-directeur-des-zones-de-logistique\/"},"modified":"2019-06-14T17:48:05","modified_gmt":"2019-06-14T21:48:05","slug":"examen-du-plan-directeur-des-zones-de-logistique","status":"publish","type":"post","link":"https:\/\/linitiative.ca\/International\/examen-du-plan-directeur-des-zones-de-logistique\/","title":{"rendered":"Examen du plan directeur des zones de logistique"},"content":{"rendered":"<div readability=\"34\">\n<p>Marrakech \u2013 Une r\u00e9union consacr\u00e9e \u00e0 l\u2019examen du plan directeur des zones de logistique de la r\u00e9gion Marrakech-Safi a \u00e9t\u00e9 tenue jeudi, au si\u00e8ge de la wilaya de la r\u00e9gion \u00e0 Marrakech.<\/p>\n<\/div>\n<div readability=\"68\">\n<p>Intervenant \u00e0 cette occasion, le wali de la r\u00e9gion, Karim Kassi-Lahlou a soulign\u00e9 l\u2019importance de d\u00e9velopper la comp\u00e9titivit\u00e9 logistique pour accro\u00eetre l\u2019attractivit\u00e9 de la r\u00e9gion aux investissements et la cr\u00e9ation d\u2019emploi, mettant en relief les efforts consentis dans ce domaine par les diff\u00e9rents intervenants au niveau de la r\u00e9gion.<\/p>\n<p>Il s\u2019est en outre, f\u00e9licit\u00e9 de l\u2019approche int\u00e9gr\u00e9e adopt\u00e9e dans ce domaine ayant permis de r\u00e9aliser la convergence et l\u2019homog\u00e9n\u00e9it\u00e9 entre le Plan de d\u00e9veloppement r\u00e9gional (PDR) et les strat\u00e9gies nationales.<\/p>\n<p>Cette rencontre a \u00e9t\u00e9 marqu\u00e9e par la pr\u00e9sentation par le directeur de l\u2019Agence marocaine de d\u00e9veloppement de la logistique (AMDL), d\u2019un expos\u00e9 sur le Plan directeur des zones de logistique au niveau de la r\u00e9gion, ainsi que des expos\u00e9s sur l\u2019importance du projet et ses perspectives.<\/p>\n<p>Par la suite, il a \u00e9t\u00e9 proc\u00e9d\u00e9 \u00e0 l\u2019approbation \u00e0 l\u2019unanimit\u00e9 de ce plan comportant un projet structurant pour la cr\u00e9ation d\u2019une zone d\u00e9di\u00e9e \u00e0 la logistique situ\u00e9e \u00e0 Tamansourt sur une superficie de 37 ha.<\/p>\n<p>Cette rencontre s\u2019est d\u00e9roul\u00e9e en pr\u00e9sence des gouverneurs des provinces d\u2019El Youssoufia, Safi, Kela\u00e2t des Sraghna, Rhamna, Essaouira, Chichaoua, ainsi que le secr\u00e9taire g\u00e9n\u00e9ral de la province d\u2019Al Haouz, le vice-pr\u00e9sident de la r\u00e9gion, les pr\u00e9sidents des chambres professionnelles, le pr\u00e9sident de la section r\u00e9gionale de la Conf\u00e9d\u00e9ration g\u00e9n\u00e9rale des entreprises du Maroc (CGEM) et les pr\u00e9sidents des services concern\u00e9s.<\/p>\n<\/div>\n<p>Auteur: Meriem IGASS<br \/>\n<a href=\"http:\/\/www.mapmarrakech.ma\/fr\/examen-du-plan-directeur-des-zones-de-logistique-de-la-region\/\">Cliquez ici pour lire l&rsquo;article depuis sa source.<\/a><\/p>\n","protected":false},"excerpt":{"rendered":"<p>Marrakech \u2013 Une r\u00e9union consacr\u00e9e \u00e0 l\u2019examen du plan directeur des zones de logistique de la r\u00e9gion Marrakech-Safi a \u00e9t\u00e9 tenue jeudi, au si\u00e8ge de la wilaya de la r\u00e9gion \u00e0 Marrakech. Intervenant \u00e0 cette occasion, le wali de la r\u00e9gion, Karim Kassi-Lahlou a soulign\u00e9 l\u2019importance de d\u00e9velopper la comp\u00e9titivit\u00e9 logistique pour accro\u00eetre l\u2019attractivit\u00e9 de [&hellip;]<\/p>\n","protected":false},"author":1788,"featured_media":0,"comment_status":"closed","ping_status":"closed","sticky":false,"template":"","format":"standard","meta":{"fifu_image_url":"","fifu_image_alt":"","footnotes":""},"categories":[54,76],"tags":[],"class_list":["post-40726","post","type-post","status-publish","format-standard","hentry","category-maroc","category-regions"],"_links":{"self":[{"href":"https:\/\/linitiative.ca\/International\/wp-json\/wp\/v2\/posts\/40726","targetHints":{"allow":["GET"]}}],"collection":[{"href":"https:\/\/linitiative.ca\/International\/wp-json\/wp\/v2\/posts"}],"about":[{"href":"https:\/\/linitiative.ca\/International\/wp-json\/wp\/v2\/types\/post"}],"author":[{"embeddable":true,"href":"https:\/\/linitiative.ca\/International\/wp-json\/wp\/v2\/users\/1788"}],"replies":[{"embeddable":true,"href":"https:\/\/linitiative.ca\/International\/wp-json\/wp\/v2\/comments?post=40726"}],"version-history":[{"count":0,"href":"https:\/\/linitiative.ca\/International\/wp-json\/wp\/v2\/posts\/40726\/revisions"}],"wp:attachment":[{"href":"https:\/\/linitiative.ca\/International\/wp-json\/wp\/v2\/media?parent=40726"}],"wp:term":[{"taxonomy":"category","embeddable":true,"href":"https:\/\/linitiative.ca\/International\/wp-json\/wp\/v2\/categories?post=40726"},{"taxonomy":"post_tag","embeddable":true,"href":"https:\/\/linitiative.ca\/International\/wp-json\/wp\/v2\/tags?post=40726"}],"curies":[{"name":"wp","href":"https:\/\/api.w.org\/{rel}","templated":true}]}}