{"id":40727,"date":"2019-06-14T18:23:52","date_gmt":"2019-06-14T22:23:52","guid":{"rendered":"https:\/\/linitiative.ca\/International\/vers-un-partenariat-afd-marrakech-safi\/"},"modified":"2019-06-14T18:23:52","modified_gmt":"2019-06-14T22:23:52","slug":"vers-un-partenariat-afd-marrakech-safi","status":"publish","type":"post","link":"https:\/\/linitiative.ca\/International\/vers-un-partenariat-afd-marrakech-safi\/","title":{"rendered":"Vers un partenariat AFD\/Marrakech-Safi"},"content":{"rendered":"<div class=\"single-featured\"><img alt=\"\" data-src=\"http:\/\/www.mapmarrakech.ma\/map\/uploads\/2019\/06\/partenariatrakfrance-copier.jpg\"\/><\/div>\n<div class=\"single-post-excerpt post-excerpt-bc\" readability=\"41\">\n<p>Marrakech \u2013 Le pr\u00e9sident de la r\u00e9gion Marrakech-Safi, Ahmed Akhchichene, a tenu mercredi dernier, \u00e0 Marrakech, une rencontre avec le directeur du bureau de l\u2019Agence fran\u00e7aise de d\u00e9veloppement (AFD), Mihoub Mezouaghi, durant laquelle a \u00e9t\u00e9 pr\u00e9sent\u00e9 un expos\u00e9 sur les potentialit\u00e9s de la r\u00e9gion ainsi que les grandes lignes du PDR.<\/p>\n<\/div>\n<div class=\"entry-content clearfix single-post-content\" readability=\"54\">\n<p>Un autre expos\u00e9 a \u00e9t\u00e9 pr\u00e9sent\u00e9 sur la structuration de la gouvernance r\u00e9gionale relative aux soci\u00e9t\u00e9s de d\u00e9veloppement r\u00e9gional, le syst\u00e8me de leadership des grands projets d\u2019investissement dans lesquels l\u2019AFD participe au financement.<\/p>\n<p>M.Akhchichene a exprim\u00e9 \u00e0 cette occasion, le d\u00e9sir du Conseil de la r\u00e9gion de voir l\u2019AFD accompagner plusieurs projets notamment dans les volets du financement et l\u2019accompagnement technique.<\/p>\n<p>M.Mihoub Mezouaghi a pour sa part, mis en relief les projets structurants programm\u00e9s dans le cadre du PDR.<\/p>\n<p>Les deux parties se sont mis d\u2019accord sur les grandes lignes du partenariat pr\u00e9vu entre l\u2019AFD et le Conseil de la r\u00e9gion ainsi qu\u2019un calendrier pour la mise en \u0153uvre de ce partenariat.<\/p>\n<p>L\u2019AFD a pour vocation de lutter contre la pauvret\u00e9 et le soutien de la croissance \u00e9conomique de plusieurs pays.<\/p>\n<p>Elle est li\u00e9e au Maroc par des partenariats dans les domaines socio-\u00e9conomiques, la valorisation du capital humain et la coh\u00e9sion sociale et la r\u00e9duction des disparit\u00e9s sociales et territoriales.<\/p>\n<\/div>\n<p>Auteur: Meriem IGASS<br \/>\n<a href=\"http:\/\/www.mapmarrakech.ma\/fr\/vers-un-partenariat-entre-lafd-et-la-region-marrakech-safi\/\">Cliquez ici pour lire l&rsquo;article depuis sa source.<\/a><\/p>\n","protected":false},"excerpt":{"rendered":"<p>Marrakech \u2013 Le pr\u00e9sident de la r\u00e9gion Marrakech-Safi, Ahmed Akhchichene, a tenu mercredi dernier, \u00e0 Marrakech, une rencontre avec le directeur du bureau de l\u2019Agence fran\u00e7aise de d\u00e9veloppement (AFD), Mihoub Mezouaghi, durant laquelle a \u00e9t\u00e9 pr\u00e9sent\u00e9 un expos\u00e9 sur les potentialit\u00e9s de la r\u00e9gion ainsi que les grandes lignes du PDR. Un autre expos\u00e9 a [&hellip;]<\/p>\n","protected":false},"author":1788,"featured_media":40728,"comment_status":"closed","ping_status":"closed","sticky":false,"template":"","format":"standard","meta":{"fifu_image_url":"","fifu_image_alt":"","footnotes":""},"categories":[54,76],"tags":[],"class_list":["post-40727","post","type-post","status-publish","format-standard","has-post-thumbnail","hentry","category-maroc","category-regions"],"_links":{"self":[{"href":"https:\/\/linitiative.ca\/International\/wp-json\/wp\/v2\/posts\/40727","targetHints":{"allow":["GET"]}}],"collection":[{"href":"https:\/\/linitiative.ca\/International\/wp-json\/wp\/v2\/posts"}],"about":[{"href":"https:\/\/linitiative.ca\/International\/wp-json\/wp\/v2\/types\/post"}],"author":[{"embeddable":true,"href":"https:\/\/linitiative.ca\/International\/wp-json\/wp\/v2\/users\/1788"}],"replies":[{"embeddable":true,"href":"https:\/\/linitiative.ca\/International\/wp-json\/wp\/v2\/comments?post=40727"}],"version-history":[{"count":0,"href":"https:\/\/linitiative.ca\/International\/wp-json\/wp\/v2\/posts\/40727\/revisions"}],"wp:featuredmedia":[{"embeddable":true,"href":"https:\/\/linitiative.ca\/International\/wp-json\/"}],"wp:attachment":[{"href":"https:\/\/linitiative.ca\/International\/wp-json\/wp\/v2\/media?parent=40727"}],"wp:term":[{"taxonomy":"category","embeddable":true,"href":"https:\/\/linitiative.ca\/International\/wp-json\/wp\/v2\/categories?post=40727"},{"taxonomy":"post_tag","embeddable":true,"href":"https:\/\/linitiative.ca\/International\/wp-json\/wp\/v2\/tags?post=40727"}],"curies":[{"name":"wp","href":"https:\/\/api.w.org\/{rel}","templated":true}]}}