{"id":40729,"date":"2019-06-14T19:47:04","date_gmt":"2019-06-14T23:47:04","guid":{"rendered":"https:\/\/linitiative.ca\/International\/exposition-sur-la-sculpture-sur-bois-dans-la-ville-de-suzhou\/"},"modified":"2019-06-14T19:47:04","modified_gmt":"2019-06-14T23:47:04","slug":"exposition-sur-la-sculpture-sur-bois-dans-la-ville-de-suzhou","status":"publish","type":"post","link":"https:\/\/linitiative.ca\/International\/exposition-sur-la-sculpture-sur-bois-dans-la-ville-de-suzhou\/","title":{"rendered":"Exposition sur la sculpture sur bois dans la ville de Suzhou"},"content":{"rendered":"<div readability=\"35\">\n<p>Marrakech \u2013 \u00ab\u00a0Xylographie\u00a0\u00bb est le th\u00e8me d\u2019une exposition sur la sculpture sur bois dans la ville chinoise de Suzhou, inaugur\u00e9e vendredi, \u00e0 Marrakech.<\/p>\n<\/div>\n<div readability=\"102\">\n<p>L\u2019organisation de cette manifestation culturelle (14 juin-31 juillet prochain), s\u2019inscrit dans le cadre d\u2019une convention de coop\u00e9ration liant le Conseil communal de Marrakech et la ville chinoise de Suzhou.<\/p>\n<p>Cette exposition, qui fait escale \u00e0 Marrakech apr\u00e8s avoir sillonn\u00e9 l\u2019ann\u00e9e derni\u00e8re la France et l\u2019Espagne, comporte une s\u00e9rie d\u2019\u0153uvres artistiques refl\u00e9tant la richesse de la culture chinoise, le cachet urbanistique authentique de la ville de Suzhou ainsi que l\u2019art de la sculpture sur bois en tant que technique artistique chinoise par excellence.<\/p>\n<p>Les \u0153uvres expos\u00e9es traitant d\u2019aspects vari\u00e9s de la culture sociale chinoise et ses composantes essentielles, vise \u00e0 faire connaitre l\u2019histoire et les diff\u00e9rents aspects de la vie de cette ville chinoise mill\u00e9naire.<\/p>\n<p>S\u2019exprimant \u00e0 cette occasion, la pr\u00e9sidente de la commission des relations ext\u00e9rieures au sein du Conseil communal de Marrakech, Awatif Bardi, a mis en relief l\u2019importance de l\u2019organisation de cette exposition dans la cit\u00e9 ocre dans la promotion des relations de coop\u00e9ration liant Marrakech et la ville chinoise de Suzhou, notamment dans le domaine culturel, \u00e9tant donn\u00e9 que les deux villes sont class\u00e9es par l\u2019UNESCO en tant que patrimoine immat\u00e9riel de l\u2019humanit\u00e9.<\/p>\n<p>L\u2019organisation de cette manifestation culturelle est de nature \u00e0 contribuer \u00e0 acc\u00e9l\u00e9rer la signature de la convention de jumelage entre la ville de Marrakech et la ville chinoise de Suzhou et partant permettre aux deux parties de renforcer leurs relations culturelles et \u00e9conomiques, a-t-elle insist\u00e9.<\/p>\n<p>Le directeur de la culture, la radio et la t\u00e9l\u00e9vision et le tourisme au sein du Conseil de la ville de Suzhou, Li Ji, a indiqu\u00e9 pour sa part, que l\u2019organisation de cette exposition vise \u00e0 informer les visiteurs sur les aspects culturels de Suzhou, relevant que cette ville de l\u2019est de la chine, dont l\u2019histoire remonte \u00e0 2500 ans, est une cit\u00e9 historique, touristique et \u00e9conomique par excellence.<\/p>\n<p>Il a en outre, not\u00e9 que le renforcement de la coop\u00e9ration strat\u00e9gique entre le Maroc et la Chine depuis 2016 a contribu\u00e9 au d\u00e9veloppement de l\u2019action commune entre Marrakech et Suzhou, dont le nombre d\u2019habitants s\u2019\u00e9l\u00e8ve \u00e0 2,5 millions, et qui est dot\u00e9e de deux sites historiques mondiaux class\u00e9s par l\u2019UNESCO en tant que patrimoine immat\u00e9riel de l\u2019humanit\u00e9, en plus de 09 autres parcs patrimoniaux mondiaux.<\/p>\n<p>Par ailleurs, il a salu\u00e9 le choix de la ville de Marrakech \u00ab\u00a0Capitale de la culture africaine en 2020\u00a0\u00bb au regard des potentialit\u00e9s culturelles et civilisationnelles de la cit\u00e9 ocre similaires \u00e0 l\u2019aspect culturel de Suzhou.<\/p>\n<p>Centre urbain ancien et prosp\u00e8re, Suzhou dispose d\u2019un riche patrimoine architectural et artistique qui en font une importante destination touristique. C\u2019est \u00e9galement un centre industriel important, notamment dans le secteur de l\u2019\u00e9lectronique.<\/p>\n<p>En termes de PIB par habitant, Suzhou \u00e9tait en 2015 la troisi\u00e8me ville la plus riche de Chine hors r\u00e9gions p\u00e9troli\u00e8res.<\/p>\n<\/div>\n<p>Auteur: Meriem IGASS<br \/>\n<a href=\"http:\/\/www.mapmarrakech.ma\/fr\/exposition-sur-la-sculpture-sur-bois-dans-la-ville-de-suzhou\/\">Cliquez ici pour lire l&rsquo;article depuis sa source.<\/a><\/p>\n","protected":false},"excerpt":{"rendered":"<p>Marrakech \u2013 \u00ab\u00a0Xylographie\u00a0\u00bb est le th\u00e8me d\u2019une exposition sur la sculpture sur bois dans la ville chinoise de Suzhou, inaugur\u00e9e vendredi, \u00e0 Marrakech. L\u2019organisation de cette manifestation culturelle (14 juin-31 juillet prochain), s\u2019inscrit dans le cadre d\u2019une convention de coop\u00e9ration liant le Conseil communal de Marrakech et la ville chinoise de Suzhou. Cette exposition, qui [&hellip;]<\/p>\n","protected":false},"author":1788,"featured_media":0,"comment_status":"closed","ping_status":"closed","sticky":false,"template":"","format":"standard","meta":{"fifu_image_url":"","fifu_image_alt":"","footnotes":""},"categories":[54,76],"tags":[],"class_list":["post-40729","post","type-post","status-publish","format-standard","hentry","category-maroc","category-regions"],"_links":{"self":[{"href":"https:\/\/linitiative.ca\/International\/wp-json\/wp\/v2\/posts\/40729","targetHints":{"allow":["GET"]}}],"collection":[{"href":"https:\/\/linitiative.ca\/International\/wp-json\/wp\/v2\/posts"}],"about":[{"href":"https:\/\/linitiative.ca\/International\/wp-json\/wp\/v2\/types\/post"}],"author":[{"embeddable":true,"href":"https:\/\/linitiative.ca\/International\/wp-json\/wp\/v2\/users\/1788"}],"replies":[{"embeddable":true,"href":"https:\/\/linitiative.ca\/International\/wp-json\/wp\/v2\/comments?post=40729"}],"version-history":[{"count":0,"href":"https:\/\/linitiative.ca\/International\/wp-json\/wp\/v2\/posts\/40729\/revisions"}],"wp:attachment":[{"href":"https:\/\/linitiative.ca\/International\/wp-json\/wp\/v2\/media?parent=40729"}],"wp:term":[{"taxonomy":"category","embeddable":true,"href":"https:\/\/linitiative.ca\/International\/wp-json\/wp\/v2\/categories?post=40729"},{"taxonomy":"post_tag","embeddable":true,"href":"https:\/\/linitiative.ca\/International\/wp-json\/wp\/v2\/tags?post=40729"}],"curies":[{"name":"wp","href":"https:\/\/api.w.org\/{rel}","templated":true}]}}