{"id":40737,"date":"2019-06-14T17:24:21","date_gmt":"2019-06-14T21:24:21","guid":{"rendered":"https:\/\/linitiative.ca\/International\/interdiction-de-la-commercialisation-de-la-petite-praire\/"},"modified":"2019-06-14T17:24:21","modified_gmt":"2019-06-14T21:24:21","slug":"interdiction-de-la-commercialisation-de-la-petite-praire","status":"publish","type":"post","link":"https:\/\/linitiative.ca\/International\/interdiction-de-la-commercialisation-de-la-petite-praire\/","title":{"rendered":"Interdiction de la commercialisation de la petite praire"},"content":{"rendered":"<div class=\"single-featured\"><img alt=\"\" data-src=\"http:\/\/www.mapoujda.ma\/map\/uploads\/2019\/06\/r\u00e9colte-des-coquillages-M750\u00d7430.jpg\"\/><\/div>\n<div class=\"single-post-excerpt post-excerpt-bc\" readability=\"37\">\n<p>Le D\u00e9partement de la P\u00eache maritime a annonc\u00e9 vendredi sa d\u00e9cision d\u2019interdire la r\u00e9colte et la commercialisation de la petite praire, issue de la zone conchylicole class\u00e9e Ras Kebdana-Sa\u00efdia relevant de la circonscription maritime de Nador, et ce, jusqu\u2019\u00e0 \u00e9puration totale du milieu.<\/p>\n<\/div>\n<div class=\"entry-content clearfix single-post-content\" readability=\"46\">\n<p>Les r\u00e9sultats d\u2019analyses, effectu\u00e9es par l\u2019Institut national de recherche halieutique (INRH) au niveau de cette zone, d\u00e9notent la pr\u00e9sence de biotoxines marines dans la petite praire \u00e0 des \u00ab\u00a0teneurs anormales\u00a0\u00bb, a indiqu\u00e9 le d\u00e9partement dans un communiqu\u00e9.<\/p>\n<p>Le minist\u00e8re recommande aux consommateurs de ne s\u2019approvisionner qu\u2019en produits conditionn\u00e9s, portant les \u00e9tiquettes sanitaires d\u2019identification et commercialis\u00e9s dans les points de vente autoris\u00e9s (march\u00e9s officiels).<\/p>\n<p>\u00ab\u00a0Les coquillages colport\u00e9s ou vendus en vrac ne pr\u00e9sentent aucune garantie de salubrit\u00e9 et constituent un danger pour la sant\u00e9 publique\u00a0\u00bb, a averti la m\u00eame source.<\/p>\n<\/div>\n<p>Auteur: Soufiane ELAHMAR<br \/>\n<a href=\"http:\/\/www.mapoujda.ma\/fr\/interdiction-de-la-commercialisation-de-la-petite-praire\/\">Cliquez ici pour lire l&rsquo;article depuis sa source.<\/a><\/p>\n","protected":false},"excerpt":{"rendered":"<p>Le D\u00e9partement de la P\u00eache maritime a annonc\u00e9 vendredi sa d\u00e9cision d\u2019interdire la r\u00e9colte et la commercialisation de la petite praire, issue de la zone conchylicole class\u00e9e Ras Kebdana-Sa\u00efdia relevant de la circonscription maritime de Nador, et ce, jusqu\u2019\u00e0 \u00e9puration totale du milieu. Les r\u00e9sultats d\u2019analyses, effectu\u00e9es par l\u2019Institut national de recherche halieutique (INRH) au [&hellip;]<\/p>\n","protected":false},"author":1788,"featured_media":40738,"comment_status":"closed","ping_status":"closed","sticky":false,"template":"","format":"standard","meta":{"fifu_image_url":"","fifu_image_alt":"","footnotes":""},"categories":[54,76],"tags":[],"class_list":["post-40737","post","type-post","status-publish","format-standard","has-post-thumbnail","hentry","category-maroc","category-regions"],"_links":{"self":[{"href":"https:\/\/linitiative.ca\/International\/wp-json\/wp\/v2\/posts\/40737","targetHints":{"allow":["GET"]}}],"collection":[{"href":"https:\/\/linitiative.ca\/International\/wp-json\/wp\/v2\/posts"}],"about":[{"href":"https:\/\/linitiative.ca\/International\/wp-json\/wp\/v2\/types\/post"}],"author":[{"embeddable":true,"href":"https:\/\/linitiative.ca\/International\/wp-json\/wp\/v2\/users\/1788"}],"replies":[{"embeddable":true,"href":"https:\/\/linitiative.ca\/International\/wp-json\/wp\/v2\/comments?post=40737"}],"version-history":[{"count":0,"href":"https:\/\/linitiative.ca\/International\/wp-json\/wp\/v2\/posts\/40737\/revisions"}],"wp:featuredmedia":[{"embeddable":true,"href":"https:\/\/linitiative.ca\/International\/wp-json\/"}],"wp:attachment":[{"href":"https:\/\/linitiative.ca\/International\/wp-json\/wp\/v2\/media?parent=40737"}],"wp:term":[{"taxonomy":"category","embeddable":true,"href":"https:\/\/linitiative.ca\/International\/wp-json\/wp\/v2\/categories?post=40737"},{"taxonomy":"post_tag","embeddable":true,"href":"https:\/\/linitiative.ca\/International\/wp-json\/wp\/v2\/tags?post=40737"}],"curies":[{"name":"wp","href":"https:\/\/api.w.org\/{rel}","templated":true}]}}