{"id":40739,"date":"2019-06-14T18:56:41","date_gmt":"2019-06-14T22:56:41","guid":{"rendered":"https:\/\/linitiative.ca\/International\/evacuation-heliportee-vers-oujda-dun-accidente\/"},"modified":"2019-06-14T18:56:41","modified_gmt":"2019-06-14T22:56:41","slug":"evacuation-heliportee-vers-oujda-dun-accidente","status":"publish","type":"post","link":"https:\/\/linitiative.ca\/International\/evacuation-heliportee-vers-oujda-dun-accidente\/","title":{"rendered":"Evacuation h\u00e9liport\u00e9e vers Oujda d\u2019un accident\u00e9"},"content":{"rendered":"<div readability=\"35\">\n<p>Le Service d\u2019aide m\u00e9dicale urgente (SAMU 05) a proc\u00e9d\u00e9 \u00e0 l\u2019\u00e9vacuation d\u2019une personne victime d\u2019un accident de la circulation de Bouarfa au Centre hospitalier universitaire (CHU) Mohammed VI d\u2019Oujda, \u00e0 bord d\u2019un h\u00e9licopt\u00e8re m\u00e9dicalis\u00e9 relevant du minist\u00e8re de la Sant\u00e9.<\/p>\n<\/div>\n<div readability=\"73\">\n<p>Un communiqu\u00e9 du minist\u00e8re, parvenu vendredi \u00e0 la MAP, pr\u00e9cise que l\u2019intervention du SAMU, men\u00e9e en coordination avec d\u2019autres intervenants, a permis, en un premier temps, d\u2019\u00e9vacuer cette personne, un sexag\u00e9naire qui se trouvait dans un \u00e9tat critique, \u00e0 l\u2019h\u00f4pital provincial de Bouarfa, o\u00f9 il a \u00e9t\u00e9 pris en charge par le staff m\u00e9dical et infirmier.<\/p>\n<p>En raison de l\u2019\u00e9tat critique de l\u2019accident\u00e9, il a \u00e9t\u00e9 d\u00e9cid\u00e9, en coordination avec le SAMU, de le transf\u00e9rer au CHU d\u2019Oujda \u00e0 bord d\u2019un h\u00e9licopt\u00e8re m\u00e9dicalis\u00e9 relevant du minist\u00e8re de la Sant\u00e9, accompagn\u00e9 d\u2019une \u00e9quipe m\u00e9dicale et infirmi\u00e8re.<\/p>\n<p>D\u00e8s son arriv\u00e9e, le patient a \u00e9t\u00e9 pris en charge par le service des urgences de l\u2019h\u00f4pital des sp\u00e9cialit\u00e9s relevant du CHU pour recevoir les soins n\u00e9cessaires, et se trouve actuellement au service de r\u00e9animation pour poursuivre son hospitalisation, indique le communiqu\u00e9.<\/p>\n<p>La m\u00eame source note que le SAMU \u0153uvre, dans le cadre de ses missions, \u00e0 l\u2019organisation, l\u2019orientation et la coordination entre les diff\u00e9rents intervenants pour traiter les cas urgents, dans le respect du protocole de soins.<\/p>\n<p>Ce service intervient \u00e9galement sur le terrain pour \u00e9vacuer certains cas selon un ensemble de donn\u00e9es (urgence du cas, localisation\u2026) par ambulance ou h\u00e9licopt\u00e8re, en plus de proc\u00e9der \u00e0 la formation en mati\u00e8re de m\u00e9decine d\u2019urgence.<\/p>\n<\/div>\n<p>Auteur: Soufiane ELAHMAR<br \/>\n<a href=\"http:\/\/www.mapoujda.ma\/fr\/evacuation-heliportee-vers-le-chu-doujda-dun-accidente\/\">Cliquez ici pour lire l&rsquo;article depuis sa source.<\/a><\/p>\n","protected":false},"excerpt":{"rendered":"<p>Le Service d\u2019aide m\u00e9dicale urgente (SAMU 05) a proc\u00e9d\u00e9 \u00e0 l\u2019\u00e9vacuation d\u2019une personne victime d\u2019un accident de la circulation de Bouarfa au Centre hospitalier universitaire (CHU) Mohammed VI d\u2019Oujda, \u00e0 bord d\u2019un h\u00e9licopt\u00e8re m\u00e9dicalis\u00e9 relevant du minist\u00e8re de la Sant\u00e9. Un communiqu\u00e9 du minist\u00e8re, parvenu vendredi \u00e0 la MAP, pr\u00e9cise que l\u2019intervention du SAMU, men\u00e9e [&hellip;]<\/p>\n","protected":false},"author":1788,"featured_media":0,"comment_status":"closed","ping_status":"closed","sticky":false,"template":"","format":"standard","meta":{"fifu_image_url":"","fifu_image_alt":"","footnotes":""},"categories":[54,76],"tags":[],"class_list":["post-40739","post","type-post","status-publish","format-standard","hentry","category-maroc","category-regions"],"_links":{"self":[{"href":"https:\/\/linitiative.ca\/International\/wp-json\/wp\/v2\/posts\/40739","targetHints":{"allow":["GET"]}}],"collection":[{"href":"https:\/\/linitiative.ca\/International\/wp-json\/wp\/v2\/posts"}],"about":[{"href":"https:\/\/linitiative.ca\/International\/wp-json\/wp\/v2\/types\/post"}],"author":[{"embeddable":true,"href":"https:\/\/linitiative.ca\/International\/wp-json\/wp\/v2\/users\/1788"}],"replies":[{"embeddable":true,"href":"https:\/\/linitiative.ca\/International\/wp-json\/wp\/v2\/comments?post=40739"}],"version-history":[{"count":0,"href":"https:\/\/linitiative.ca\/International\/wp-json\/wp\/v2\/posts\/40739\/revisions"}],"wp:attachment":[{"href":"https:\/\/linitiative.ca\/International\/wp-json\/wp\/v2\/media?parent=40739"}],"wp:term":[{"taxonomy":"category","embeddable":true,"href":"https:\/\/linitiative.ca\/International\/wp-json\/wp\/v2\/categories?post=40739"},{"taxonomy":"post_tag","embeddable":true,"href":"https:\/\/linitiative.ca\/International\/wp-json\/wp\/v2\/tags?post=40739"}],"curies":[{"name":"wp","href":"https:\/\/api.w.org\/{rel}","templated":true}]}}