{"id":40740,"date":"2019-06-14T20:11:22","date_gmt":"2019-06-15T00:11:22","guid":{"rendered":"https:\/\/linitiative.ca\/International\/m-el-fattahi-nouveau-sg-du-parti-al-ahd-addimocrati\/"},"modified":"2019-06-14T20:11:22","modified_gmt":"2019-06-15T00:11:22","slug":"m-el-fattahi-nouveau-sg-du-parti-al-ahd-addimocrati","status":"publish","type":"post","link":"https:\/\/linitiative.ca\/International\/m-el-fattahi-nouveau-sg-du-parti-al-ahd-addimocrati\/","title":{"rendered":"M. El Fattahi, nouveau SG du parti Al Ahd Addimocrati"},"content":{"rendered":"<div readability=\"38\">\n<p>Le parti Al Ahd Addimocrati a tenu, vendredi \u00e0 Nador, son 3\u00e8me Congr\u00e8s national ordinaire, marqu\u00e9 par l\u2019\u00e9lection \u00e0 l\u2019unanimit\u00e9 du nouveau Secr\u00e9taire g\u00e9n\u00e9ral du parti, en la personne de Abdelmounaim El Fattahi.<\/p>\n<\/div>\n<div readability=\"83\">\n<p>Lors de ce Congr\u00e8s, il a \u00e9galement \u00e9t\u00e9 proc\u00e9d\u00e9 \u00e0 la lecture et approbation des rapports moral et financier, l\u2019approbation du Statut et plan d\u2019action du parti ainsi qu\u2019\u00e0 l\u2019\u00e9lection du nouveau Comit\u00e9 central et du Bureau politique de cette formation.<\/p>\n<p>\u00ab\u00a0Je tiens \u00e0 remercier les congressistes pour la confiance qu\u2019ils ont plac\u00e9 en moi\u00a0\u00bb, a indiqu\u00e9, dans une d\u00e9claration \u00e0 la MAP, le nouveau SG du parti, notant qu\u2019il sera toujours mobilis\u00e9 pour servir les int\u00e9r\u00eats du parti et de la Patrie, sous la conduite \u00e9clair\u00e9e de SM le Roi Mohammed VI.<\/p>\n<p>El Fattahi, qui a rappel\u00e9 que les questions des jeunes et des femmes, du monde rural et de la promotion des investissements figurent \u00e0 la t\u00eate des priorit\u00e9s de sa formation, a plaid\u00e9 pour l\u2019implication des citoyens dans la gestion de la chose locale et des jeunes et femmes dans l\u2019action politique et partisane, outre la pr\u00e9servation de l\u2019identit\u00e9 nationale et la moralisation de la vie politique.<\/p>\n<p>Le nouveau SG a exhort\u00e9, dans ce cadre, les militants du Parti \u00e0 promouvoir la communication et la politique de proximit\u00e9, en \u00e9tant toujours \u00e0 l\u2019\u00e9coute des citoyens.<\/p>\n<p>Il a \u00e9galement insist\u00e9 sur la n\u00e9cessite de pr\u00e9server le patrimoine culturel national et l\u2019identit\u00e9 marocaine aux affluents pluriels, notant que le Parti demeure constamment mobilis\u00e9 derri\u00e8re SM le Roi Mohammed VI pour d\u00e9fendre l\u2019unit\u00e9 et la souverainet\u00e9 du Royaume.<\/p>\n<p>Le Parti, qui r\u00e9affirme son attachement aux valeurs de d\u00e9mocratie, de justice sociale et de modernit\u00e9, \u0153uvrera \u00e0 pr\u00e9server et \u00e0 multiplier les acquis nationaux, tous domines confondus, et \u00e0 faire toujours pr\u00e9valoir l\u2019int\u00e9r\u00eat supr\u00eame du pays, a-t-il ajout\u00e9.<\/p>\n<p>\u00c2g\u00e9 de 54 ans, M. El Fattahi, actuellement pr\u00e9sident du Conseil provincial de Driouch, est titulaire d\u2019un dipl\u00f4me d\u2019\u00e9tudes sup\u00e9rieures approfondies (DESA) en droit public et membre de l\u2019Ordre des avocats de Nador.<\/p>\n<\/div>\n<p>Auteur: Soufiane ELAHMAR<br \/>\n<a href=\"http:\/\/www.mapoujda.ma\/fr\/m-el-fattahi-nouveau-sg-du-parti-al-ahd-addimocrati\/\">Cliquez ici pour lire l&rsquo;article depuis sa source.<\/a><\/p>\n","protected":false},"excerpt":{"rendered":"<p>Le parti Al Ahd Addimocrati a tenu, vendredi \u00e0 Nador, son 3\u00e8me Congr\u00e8s national ordinaire, marqu\u00e9 par l\u2019\u00e9lection \u00e0 l\u2019unanimit\u00e9 du nouveau Secr\u00e9taire g\u00e9n\u00e9ral du parti, en la personne de Abdelmounaim El Fattahi. Lors de ce Congr\u00e8s, il a \u00e9galement \u00e9t\u00e9 proc\u00e9d\u00e9 \u00e0 la lecture et approbation des rapports moral et financier, l\u2019approbation du Statut [&hellip;]<\/p>\n","protected":false},"author":1788,"featured_media":0,"comment_status":"closed","ping_status":"closed","sticky":false,"template":"","format":"standard","meta":{"fifu_image_url":"","fifu_image_alt":"","footnotes":""},"categories":[54,76],"tags":[],"class_list":["post-40740","post","type-post","status-publish","format-standard","hentry","category-maroc","category-regions"],"_links":{"self":[{"href":"https:\/\/linitiative.ca\/International\/wp-json\/wp\/v2\/posts\/40740","targetHints":{"allow":["GET"]}}],"collection":[{"href":"https:\/\/linitiative.ca\/International\/wp-json\/wp\/v2\/posts"}],"about":[{"href":"https:\/\/linitiative.ca\/International\/wp-json\/wp\/v2\/types\/post"}],"author":[{"embeddable":true,"href":"https:\/\/linitiative.ca\/International\/wp-json\/wp\/v2\/users\/1788"}],"replies":[{"embeddable":true,"href":"https:\/\/linitiative.ca\/International\/wp-json\/wp\/v2\/comments?post=40740"}],"version-history":[{"count":0,"href":"https:\/\/linitiative.ca\/International\/wp-json\/wp\/v2\/posts\/40740\/revisions"}],"wp:attachment":[{"href":"https:\/\/linitiative.ca\/International\/wp-json\/wp\/v2\/media?parent=40740"}],"wp:term":[{"taxonomy":"category","embeddable":true,"href":"https:\/\/linitiative.ca\/International\/wp-json\/wp\/v2\/categories?post=40740"},{"taxonomy":"post_tag","embeddable":true,"href":"https:\/\/linitiative.ca\/International\/wp-json\/wp\/v2\/tags?post=40740"}],"curies":[{"name":"wp","href":"https:\/\/api.w.org\/{rel}","templated":true}]}}