{"id":40741,"date":"2019-06-15T15:14:00","date_gmt":"2019-06-15T19:14:00","guid":{"rendered":"https:\/\/linitiative.ca\/International\/en-la-premiere-seance-dentrainement-de-delort-avec-les-verts-photos\/"},"modified":"2019-06-15T15:14:00","modified_gmt":"2019-06-15T19:14:00","slug":"en-la-premiere-seance-dentrainement-de-delort-avec-les-verts-photos","status":"publish","type":"post","link":"https:\/\/linitiative.ca\/International\/en-la-premiere-seance-dentrainement-de-delort-avec-les-verts-photos\/","title":{"rendered":"EN : La premi\u00e8re s\u00e9ance d&rsquo;entrainement de Delort avec les Verts (Photos)"},"content":{"rendered":"<div>Le s\u00e9lectionneur national Djamel Belmadi a appel\u00e9 Andy Delort \u00e0 la rescousse pour prendre la place de Haris Belkebla chez les Fennecs<img loading=\"lazy\" decoding=\"async\" src=\"http:\/\/feeds.feedburner.com\/~r\/GalerieFArtciles\/~4\/8Hg1J2kDg5I\" height=\"1\" width=\"1\" alt=\"\"><\/div>\n<p>Auteur:<br \/>\n<a href=\"http:\/\/www.lebuteur.com\/article\/detail?titre=en-la-premiere-seance-dentrainement-de-delort-avec-les-verts-photos&#038;id=89602&#038;utm_source=feedburner&#038;utm_medium=feed&#038;utm_campaign=Feed%3A+GalerieFArtciles+%28Les+derniers+articles++-+lebuteur.com%29\">Cliquez ici pour lire l&rsquo;article depuis sa source.<\/a><\/p>\n","protected":false},"excerpt":{"rendered":"<p>Le s\u00e9lectionneur national Djamel Belmadi a appel\u00e9 Andy Delort \u00e0 la rescousse pour prendre la place de Haris Belkebla chez les Fennecs Auteur: Cliquez ici pour lire l&rsquo;article depuis sa source.<\/p>\n","protected":false},"author":1738,"featured_media":0,"comment_status":"closed","ping_status":"closed","sticky":false,"template":"","format":"standard","meta":{"fifu_image_url":"","fifu_image_alt":"","footnotes":""},"categories":[53,75],"tags":[],"class_list":["post-40741","post","type-post","status-publish","format-standard","hentry","category-algerie","category-sport"],"_links":{"self":[{"href":"https:\/\/linitiative.ca\/International\/wp-json\/wp\/v2\/posts\/40741","targetHints":{"allow":["GET"]}}],"collection":[{"href":"https:\/\/linitiative.ca\/International\/wp-json\/wp\/v2\/posts"}],"about":[{"href":"https:\/\/linitiative.ca\/International\/wp-json\/wp\/v2\/types\/post"}],"author":[{"embeddable":true,"href":"https:\/\/linitiative.ca\/International\/wp-json\/wp\/v2\/users\/1738"}],"replies":[{"embeddable":true,"href":"https:\/\/linitiative.ca\/International\/wp-json\/wp\/v2\/comments?post=40741"}],"version-history":[{"count":0,"href":"https:\/\/linitiative.ca\/International\/wp-json\/wp\/v2\/posts\/40741\/revisions"}],"wp:attachment":[{"href":"https:\/\/linitiative.ca\/International\/wp-json\/wp\/v2\/media?parent=40741"}],"wp:term":[{"taxonomy":"category","embeddable":true,"href":"https:\/\/linitiative.ca\/International\/wp-json\/wp\/v2\/categories?post=40741"},{"taxonomy":"post_tag","embeddable":true,"href":"https:\/\/linitiative.ca\/International\/wp-json\/wp\/v2\/tags?post=40741"}],"curies":[{"name":"wp","href":"https:\/\/api.w.org\/{rel}","templated":true}]}}