{"id":40742,"date":"2019-06-15T15:14:01","date_gmt":"2019-06-15T19:14:01","guid":{"rendered":"https:\/\/linitiative.ca\/International\/international-real-mendy-na-pas-pu-dire-non-a-zidane\/"},"modified":"2019-06-15T15:14:01","modified_gmt":"2019-06-15T19:14:01","slug":"international-real-mendy-na-pas-pu-dire-non-a-zidane","status":"publish","type":"post","link":"https:\/\/linitiative.ca\/International\/international-real-mendy-na-pas-pu-dire-non-a-zidane\/","title":{"rendered":"International : Real : Mendy n&rsquo;a pas pu dire non \u00e0 Zidane"},"content":{"rendered":"<div readability=\"32\">\n<p>Auteur : <span class=\"time\">samedi 15 juin 2019 13:47<\/span><\/p>\n<\/div>\n<div id=\"post_core\" readability=\"49\">\n<p>\u00ab\u00a0Je suis ami avec Florentino P\u00e9rez, mais cette fois, ce n&rsquo;est pas cette amiti\u00e9 qui a influenc\u00e9 les n\u00e9gociations\u00a0\u00bb, a ainsi confi\u00e9 le pr\u00e9sident de l&rsquo;OL \u00e0 Marca comme rapport\u00e9 par Goal. Dans les colonnes du journal espagnol, le cacique rhodanien r\u00e9v\u00e8le que Zidane a tout chang\u00e9 dans le dossier Ferland Mendy en appelant directement le joueur au t\u00e9l\u00e9phone.<\/p>\n<p>Le transfert de Mendy \u00e9tait une requ\u00eate de Zidane, oui. Quand il l\u2019a appel\u00e9, il n\u2019a pas pu dire non\u00a0\u00bb, r\u00e9v\u00e8le boss de Lyon, qui n&rsquo;a aps voulu s&rsquo;\u00e9tendre sur la future concurrence entre Marcelo et Mendy au Real arguant que cela relevait des pr\u00e9rogatives de Zizou d\u00e9sormais.<\/p>\n<p><strong>Publi\u00e9 dans :<\/strong> <span>real madrid<\/span><\/p>\n<\/div>\n<p>Auteur:<br \/>\n<a href=\"http:\/\/www.lebuteur.com\/article\/detail?titre=real-mendy-na-pas-pu-dire-non-a-zidane&#038;id=89603&#038;utm_source=feedburner&#038;utm_medium=feed&#038;utm_campaign=Feed%3A+GalerieFArtciles+%28Les+derniers+articles++-+lebuteur.com%29\">Cliquez ici pour lire l&rsquo;article depuis sa source.<\/a><\/p>\n","protected":false},"excerpt":{"rendered":"<p>Auteur : samedi 15 juin 2019 13:47 \u00ab\u00a0Je suis ami avec Florentino P\u00e9rez, mais cette fois, ce n&rsquo;est pas cette amiti\u00e9 qui a influenc\u00e9 les n\u00e9gociations\u00a0\u00bb, a ainsi confi\u00e9 le pr\u00e9sident de l&rsquo;OL \u00e0 Marca comme rapport\u00e9 par Goal. Dans les colonnes du journal espagnol, le cacique rhodanien r\u00e9v\u00e8le que Zidane a tout chang\u00e9 dans [&hellip;]<\/p>\n","protected":false},"author":1738,"featured_media":40743,"comment_status":"closed","ping_status":"closed","sticky":false,"template":"","format":"standard","meta":{"fifu_image_url":"","fifu_image_alt":"","footnotes":""},"categories":[53,75],"tags":[],"class_list":["post-40742","post","type-post","status-publish","format-standard","has-post-thumbnail","hentry","category-algerie","category-sport"],"_links":{"self":[{"href":"https:\/\/linitiative.ca\/International\/wp-json\/wp\/v2\/posts\/40742","targetHints":{"allow":["GET"]}}],"collection":[{"href":"https:\/\/linitiative.ca\/International\/wp-json\/wp\/v2\/posts"}],"about":[{"href":"https:\/\/linitiative.ca\/International\/wp-json\/wp\/v2\/types\/post"}],"author":[{"embeddable":true,"href":"https:\/\/linitiative.ca\/International\/wp-json\/wp\/v2\/users\/1738"}],"replies":[{"embeddable":true,"href":"https:\/\/linitiative.ca\/International\/wp-json\/wp\/v2\/comments?post=40742"}],"version-history":[{"count":0,"href":"https:\/\/linitiative.ca\/International\/wp-json\/wp\/v2\/posts\/40742\/revisions"}],"wp:featuredmedia":[{"embeddable":true,"href":"https:\/\/linitiative.ca\/International\/wp-json\/"}],"wp:attachment":[{"href":"https:\/\/linitiative.ca\/International\/wp-json\/wp\/v2\/media?parent=40742"}],"wp:term":[{"taxonomy":"category","embeddable":true,"href":"https:\/\/linitiative.ca\/International\/wp-json\/wp\/v2\/categories?post=40742"},{"taxonomy":"post_tag","embeddable":true,"href":"https:\/\/linitiative.ca\/International\/wp-json\/wp\/v2\/tags?post=40742"}],"curies":[{"name":"wp","href":"https:\/\/api.w.org\/{rel}","templated":true}]}}