{"id":40744,"date":"2019-06-15T15:14:02","date_gmt":"2019-06-15T19:14:02","guid":{"rendered":"https:\/\/linitiative.ca\/International\/international-delort-deja-a-laise-parmi-ses-freres\/"},"modified":"2019-06-15T15:14:02","modified_gmt":"2019-06-15T19:14:02","slug":"international-delort-deja-a-laise-parmi-ses-freres","status":"publish","type":"post","link":"https:\/\/linitiative.ca\/International\/international-delort-deja-a-laise-parmi-ses-freres\/","title":{"rendered":"International : Delort d\u00e9j\u00e0 \u00e0 l\u2019aise parmi ses fr\u00e8res !"},"content":{"rendered":"<div readability=\"32\">\n<p>Auteur : <span>Moumen A.<\/span> <span class=\"time\">samedi 15 juin 2019 14:20<\/span><\/p>\n<\/div>\n<div id=\"post_core\" readability=\"108\">\n<p><strong>Accueilli de mani\u00e8re formidable<\/strong><\/p>\n<p>Comme attendu, le buteur alg\u00e9rien de Montpellier, Andy Hattab Delort, a ralli\u00e9 le groupe de l\u2019Equipe nationale, avant-hier \u00e0 Doha. Arriv\u00e9 vers 23h40 \u00e0 l\u2019a\u00e9roport Ben Hamad, c\u2019est le manager g\u00e9n\u00e9ral de l\u2019Equipe nationale, Hakim Medane et son adjoint Amine Labdi, qui \u00e9taient \u00e0 son accueil. Apr\u00e8s les formalit\u00e9s douani\u00e8res, le n\u00e9o-international alg\u00e9rien s\u2019est content\u00e9 d\u2019une br\u00e8ve d\u00e9claration \u00e0 sa sortie de la police des fronti\u00e8res dans laquelle, Andy a de nouveau r\u00e9it\u00e9r\u00e9 son attachement pour l\u2019Alg\u00e9rie et montr\u00e9 toute sa fiert\u00e9 de pouvoir enfin porter les couleurs nationales.<\/p>\n<p>Arriv\u00e9 tard, il a \u00e9t\u00e9 pr\u00e9sent\u00e9 \u00e0 ses \u00e9quipiers hier matin<\/p>\n<p>Comme le veut la tradition pour tout nouveau joueur qui int\u00e8gre une s\u00e9lection, l\u2019attaquant de Montpellier Andy Hattab Delort a eu droit \u00e0 une petite c\u00e9r\u00e9monie de pr\u00e9sentation. Ainsi, apr\u00e8s avoir \u00e9t\u00e9 mis \u00e0 l\u2019aise par l\u2019entraineur Djamel Belmadi et son staff, Delort a \u00e9t\u00e9 pr\u00e9sent\u00e9 hier matin \u00e0 ses camarades lors du petit d\u00e9jeuner. Andy a aussi d\u00e9jeun\u00e9 avec le reste du groupe avant la pri\u00e8re du vendredi. Il a aussi pris part \u00e0 la premi\u00e8re s\u00e9ance d\u2019entrainement, hier avec ses nouveaux partenaires.<\/p>\n<p>\u00a0Il connaissait d\u00e9j\u00e0 la plupart d\u2019entre eux<\/p>\n<p>Pour ceux qui ne le connaissent pas bien, Andy Delort Hattab est un alg\u00e9rien fier de ses origines. A Montpellier, N\u00eemes ou Ajaccio, Delort \u00e9tait toujours proche de ses co\u00e9quipiers d\u2019origine alg\u00e9riennes, \u00e0 l\u2019image de Carl Medjani, Mehdi Mostefa \u00e0 Ajaccio ou Zarabi \u00e0 N\u00eemes et bien s\u00fbr tr\u00e8s ami avec Ryad Boudebouz qu\u2019il c\u00f4toyait \u00e0 Montpellier. Fier de son sang alg\u00e9rien, Andy \u00e9tait aussi en contacts avec des \u00e9l\u00e9ments de l\u2019actuelle g\u00e9n\u00e9ration de l\u2019Equipe nationale. C\u2019est dire que son int\u00e9gration ne devrait causer aucun probl\u00e8me \u00e9tant donn\u00e9 qu\u2019il connaissait d\u00e9j\u00e0 pas mal de joueurs en exercice en s\u00e9lection.<\/p>\n<p><strong>Le coach impatient de le voir \u00e0 l\u2019\u0153uvre face au Mali<\/strong><\/p>\n<p>Tr\u00e8s rassur\u00e9 par l\u2019\u00e9tat d\u2019esprit affich\u00e9 par le nouvel attaquant Andy Hattab Delort avant m\u00eame son arriv\u00e9e en Equipe nationale, le s\u00e9lectionneur national Djamel Belmadi l\u2019est encore plus apr\u00e8s avoir d\u00e9couvert devant lui hier un joueur farouchement d\u00e9termin\u00e9 \u00e0 se surpasser pour honorer comme il se doit sa premi\u00e8re s\u00e9lection en \u00e9quipe d\u2019Alg\u00e9rie. Belmadi convaincu des qualit\u00e9s physiques et athl\u00e9tiques d\u2019Andy est impatient de s\u2019arr\u00eater sur la forme du moment de son buteur montpelli\u00e9rain. Comme tout Alg\u00e9rien, il a aussi h\u00e2te de le voir \u00e0 l\u2019\u0153uvre lors de ce match amical \u00e0 huis clos programm\u00e9 demain soir contre le Mali sur le terrain du stade Jassim Ben Hamad.<\/p>\n<p><strong>\u00abLa CAN ? Il y croyait vraiment\u00bb<\/strong><\/p>\n<p>Andy Hattab Delort \u00e9tait pr\u00eat \u00e0 faire le d\u00e9placement \u00e0 Doha pour rejoindre ses camarades en stage de pr\u00e9paration pour la CAN, sans avoir la certitude de participer \u00e0 la prochaine Coupe d\u2019Afrique. Delort a sacrifi\u00e9 ses vacances pour cet \u00e9v\u00e9nement. C\u2019est ce qu\u2019un proche du joueur nous a appris hier : \u00abDepuis qu\u2019il a \u00e9t\u00e9 retenu dans la liste \u00e9largie, Delort n\u2019a pas cess\u00e9 de s\u2019entrainer. Croyez-moi, il sera bien en forme, car je l\u2019ai vu comment il bossait. C\u2019est un professionnel, le fait qu\u2019il soit dans la liste, il savait qu\u2019il pouvait \u00eatre appel\u00e9 \u00e0 tout moment par Belmadi, il a donc sacrifi\u00e9 ses vacances en pr\u00e9vision d\u2019une \u00e9ventuelle convocation et c\u2019est ce qui s\u2019est pass\u00e9 finalement. C\u2019est pour vous dire qu\u2019il garde son envie intacte.\u00bb<\/p>\n<p><strong>Belmadi : \u00abApr\u00e8s ce qui est arriv\u00e9 \u00e0 Belkebla, Delort s\u2019est impos\u00e9 comme le choix le plus indiqu\u00e9\u00bb<\/strong><\/p>\n<p>Le s\u00e9lectionneur national s\u2019est exprim\u00e9 sur l\u2019apport d\u2019Andy Delort et son choix pr\u00f4n\u00e9 apr\u00e8s l\u2019exclusion de Belkebla : \u00ab Andy Delort est un joueur qui est tout pr\u00e9par\u00e9 pour rallier le groupe de l\u2019Alg\u00e9rie. Il a tout entrepris seul, et c\u2019est ce qui m\u2019a vraiment attir\u00e9 mon intention. J\u2019ai discut\u00e9 avec lui avant l\u2019annonce de la liste pour la CAN et il a montr\u00e9 son envie de porter le maillot national. Comme je l\u2019ai toujours dit, tout Alg\u00e9rien capable de ramener le plus et apr\u00e8s ce qui est arriv\u00e9 \u00e0 Belkebla, on devait prendre une d\u00e9cision rapide et le destin a voulu que Delort devienne un choix judicieux pour repr\u00e9senter les couleurs du pays dignement. \u00bb<\/p>\n<p><strong>Moumen A.<\/strong><\/p>\n<p><strong>Publi\u00e9 dans :<\/strong> <span>Belmadi<\/span> <span>Andy Delort<\/span><\/p>\n<\/div>\n<p>Auteur:<br \/>\n<a href=\"http:\/\/www.lebuteur.com\/article\/detail?titre=delort-deja-a-laise-parmi-ses-freres&#038;id=89605&#038;utm_source=feedburner&#038;utm_medium=feed&#038;utm_campaign=Feed%3A+GalerieFArtciles+%28Les+derniers+articles++-+lebuteur.com%29\">Cliquez ici pour lire l&rsquo;article depuis sa source.<\/a><\/p>\n","protected":false},"excerpt":{"rendered":"<p>Auteur : Moumen A. samedi 15 juin 2019 14:20 Accueilli de mani\u00e8re formidable Comme attendu, le buteur alg\u00e9rien de Montpellier, Andy Hattab Delort, a ralli\u00e9 le groupe de l\u2019Equipe nationale, avant-hier \u00e0 Doha. Arriv\u00e9 vers 23h40 \u00e0 l\u2019a\u00e9roport Ben Hamad, c\u2019est le manager g\u00e9n\u00e9ral de l\u2019Equipe nationale, Hakim Medane et son adjoint Amine Labdi, qui [&hellip;]<\/p>\n","protected":false},"author":1738,"featured_media":40745,"comment_status":"closed","ping_status":"closed","sticky":false,"template":"","format":"standard","meta":{"fifu_image_url":"","fifu_image_alt":"","footnotes":""},"categories":[53,75],"tags":[],"class_list":["post-40744","post","type-post","status-publish","format-standard","has-post-thumbnail","hentry","category-algerie","category-sport"],"_links":{"self":[{"href":"https:\/\/linitiative.ca\/International\/wp-json\/wp\/v2\/posts\/40744","targetHints":{"allow":["GET"]}}],"collection":[{"href":"https:\/\/linitiative.ca\/International\/wp-json\/wp\/v2\/posts"}],"about":[{"href":"https:\/\/linitiative.ca\/International\/wp-json\/wp\/v2\/types\/post"}],"author":[{"embeddable":true,"href":"https:\/\/linitiative.ca\/International\/wp-json\/wp\/v2\/users\/1738"}],"replies":[{"embeddable":true,"href":"https:\/\/linitiative.ca\/International\/wp-json\/wp\/v2\/comments?post=40744"}],"version-history":[{"count":0,"href":"https:\/\/linitiative.ca\/International\/wp-json\/wp\/v2\/posts\/40744\/revisions"}],"wp:featuredmedia":[{"embeddable":true,"href":"https:\/\/linitiative.ca\/International\/wp-json\/"}],"wp:attachment":[{"href":"https:\/\/linitiative.ca\/International\/wp-json\/wp\/v2\/media?parent=40744"}],"wp:term":[{"taxonomy":"category","embeddable":true,"href":"https:\/\/linitiative.ca\/International\/wp-json\/wp\/v2\/categories?post=40744"},{"taxonomy":"post_tag","embeddable":true,"href":"https:\/\/linitiative.ca\/International\/wp-json\/wp\/v2\/tags?post=40744"}],"curies":[{"name":"wp","href":"https:\/\/api.w.org\/{rel}","templated":true}]}}