{"id":40746,"date":"2019-06-15T15:14:03","date_gmt":"2019-06-15T19:14:03","guid":{"rendered":"https:\/\/linitiative.ca\/International\/pros-schalke-04-bentaleb-a-des-touches-en-france\/"},"modified":"2019-06-15T15:14:03","modified_gmt":"2019-06-15T19:14:03","slug":"pros-schalke-04-bentaleb-a-des-touches-en-france","status":"publish","type":"post","link":"https:\/\/linitiative.ca\/International\/pros-schalke-04-bentaleb-a-des-touches-en-france\/","title":{"rendered":"Pros : Schalke 04 : Bentaleb a des touches en France"},"content":{"rendered":"<div readability=\"32\">\n<p>Auteur : <span class=\"time\">samedi 15 juin 2019 14:30<\/span><\/p>\n<\/div>\n<div id=\"post_core\" readability=\"42\">\n<p>Bless\u00e9, le natif de Lille a \u00e9t\u00e9 contraint de se faire op\u00e9rer \u00e0 l\u2019aine. Une op\u00e9ration qui le prive de CAN avec sa s\u00e9lection alg\u00e9rienne.<\/p>\n<p>Sous contrat jusqu\u2019en 2021, le milieu de terrain ne souhaite pas quitter l\u2019Allemagne. Alors qu\u2019il touche un salaire brut annuel qui fr\u00f4le les 5 millions d\u2019euros, l\u2019ancien de Tottenham serait pouss\u00e9 vers la sortie par les dirigeants du club allemand. Selon les informations de BILD et Footmercato, le joueur de 24 ans serait d\u2019ailleurs d\u00e9j\u00e0 en contact avec plusieurs \u00e9curies en France et en Angleterre.<\/p>\n<p><strong>Publi\u00e9 dans :<\/strong> <span>bentaleb<\/span><\/p>\n<\/div>\n<p>Auteur:<br \/>\n<a href=\"http:\/\/www.lebuteur.com\/article\/detail?titre=schalke-04-bentaleb-a-des-touches-en-france&#038;id=89604&#038;utm_source=feedburner&#038;utm_medium=feed&#038;utm_campaign=Feed%3A+GalerieFArtciles+%28Les+derniers+articles++-+lebuteur.com%29\">Cliquez ici pour lire l&rsquo;article depuis sa source.<\/a><\/p>\n","protected":false},"excerpt":{"rendered":"<p>Auteur : samedi 15 juin 2019 14:30 Bless\u00e9, le natif de Lille a \u00e9t\u00e9 contraint de se faire op\u00e9rer \u00e0 l\u2019aine. Une op\u00e9ration qui le prive de CAN avec sa s\u00e9lection alg\u00e9rienne. Sous contrat jusqu\u2019en 2021, le milieu de terrain ne souhaite pas quitter l\u2019Allemagne. Alors qu\u2019il touche un salaire brut annuel qui fr\u00f4le les [&hellip;]<\/p>\n","protected":false},"author":1738,"featured_media":40747,"comment_status":"closed","ping_status":"closed","sticky":false,"template":"","format":"standard","meta":{"fifu_image_url":"","fifu_image_alt":"","footnotes":""},"categories":[53,75],"tags":[],"class_list":["post-40746","post","type-post","status-publish","format-standard","has-post-thumbnail","hentry","category-algerie","category-sport"],"_links":{"self":[{"href":"https:\/\/linitiative.ca\/International\/wp-json\/wp\/v2\/posts\/40746","targetHints":{"allow":["GET"]}}],"collection":[{"href":"https:\/\/linitiative.ca\/International\/wp-json\/wp\/v2\/posts"}],"about":[{"href":"https:\/\/linitiative.ca\/International\/wp-json\/wp\/v2\/types\/post"}],"author":[{"embeddable":true,"href":"https:\/\/linitiative.ca\/International\/wp-json\/wp\/v2\/users\/1738"}],"replies":[{"embeddable":true,"href":"https:\/\/linitiative.ca\/International\/wp-json\/wp\/v2\/comments?post=40746"}],"version-history":[{"count":0,"href":"https:\/\/linitiative.ca\/International\/wp-json\/wp\/v2\/posts\/40746\/revisions"}],"wp:featuredmedia":[{"embeddable":true,"href":"https:\/\/linitiative.ca\/International\/wp-json\/"}],"wp:attachment":[{"href":"https:\/\/linitiative.ca\/International\/wp-json\/wp\/v2\/media?parent=40746"}],"wp:term":[{"taxonomy":"category","embeddable":true,"href":"https:\/\/linitiative.ca\/International\/wp-json\/wp\/v2\/categories?post=40746"},{"taxonomy":"post_tag","embeddable":true,"href":"https:\/\/linitiative.ca\/International\/wp-json\/wp\/v2\/tags?post=40746"}],"curies":[{"name":"wp","href":"https:\/\/api.w.org\/{rel}","templated":true}]}}