{"id":40748,"date":"2019-06-15T15:14:04","date_gmt":"2019-06-15T19:14:04","guid":{"rendered":"https:\/\/linitiative.ca\/International\/equipe-dalgerie-cavalli-delort-je-lai-lance-tres-jeune-il-a-les-qualites-pour-ramener-un-plus-a-lalgerie\/"},"modified":"2019-06-15T15:14:04","modified_gmt":"2019-06-15T19:14:04","slug":"equipe-dalgerie-cavalli-delort-je-lai-lance-tres-jeune-il-a-les-qualites-pour-ramener-un-plus-a-lalgerie","status":"publish","type":"post","link":"https:\/\/linitiative.ca\/International\/equipe-dalgerie-cavalli-delort-je-lai-lance-tres-jeune-il-a-les-qualites-pour-ramener-un-plus-a-lalgerie\/","title":{"rendered":"Equipe d&rsquo;Alg\u00e9rie : Cavalli \u00abDelort, je l\u2019ai lanc\u00e9 tr\u00e8s jeune, il a les qualit\u00e9s pour ramener un plus \u00e0 l\u2019Alg\u00e9rie\u00bb"},"content":{"rendered":"<div readability=\"32\">\n<p>Auteur : <span>Moumen A.<\/span> <span class=\"time\">samedi 15 juin 2019 14:35<\/span><\/p>\n<\/div>\n<div id=\"post_core\" readability=\"87\">\n<p>Pour l\u2019avoir lanc\u00e9 en senior il y a de cela quelques ann\u00e9es \u00e0 Ajaccio, l\u2019entraineur Jean-Michel Cavalli connait tout sur le nouvel attaquant des Verts, Andy Delort. Dans un entretien t\u00e9l\u00e9phonique avec lui hier, l\u2019ex-s\u00e9lectionneur national nous parle de l\u2019efficacit\u00e9 et de l\u2019apport que le n\u00e9o-international alg\u00e9rien peut ramener pour la s\u00e9lection alg\u00e9rienne, version Djamel Belmadi.<\/p>\n<p><strong>Coach, votre ancien joueur Andy Delort a \u00e9t\u00e9 appel\u00e9 en renfort par l\u2019entraineur nationale pour jouer la CAN, qu\u2019avez-vous \u00e0 dire de ce joueur que vous avez eu sous votre coupe il y a quelques ann\u00e9es ?<\/strong><\/p>\n<p>C\u2019est un gar\u00e7on qui s\u2019est impos\u00e9 dans le championnat de France de premi\u00e8re division, qui a un potentiel \u00e9norme, je peux en parler car c\u2019est un gar\u00e7on que je connais particuli\u00e8rement bien, car c\u2019\u00e9tait moi qui l\u2019ai lanc\u00e9 \u00e0 l\u2019\u00e2ge de 17 ans et demi en France avec N\u00eemes Olympique. Je suis tr\u00e8s content pour lui, car Andy est un bosseur avec pas mal de qualit\u00e9s pour pouvoir ramener un plus \u00e0 la s\u00e9lection alg\u00e9rienne.<\/p>\n<p><strong>On sait que Belmadi joue souvent avec un syst\u00e8me 4-1-4-1, le voyez-vous prendre une place en pointe ?<\/strong><\/p>\n<p>Ecoutez, si Belmadi maintient son 4-14-1, Delort sera alors utilis\u00e9 comme une pointe, apr\u00e8s ce sera \u00e0 Djamel de savoir s\u2019il peut compter sur lui comme avant de pointe ou l\u2019utiliser dans un registre que Delort affectionne aussi tr\u00e8s bien \u00e0 savoir second attaquant dans un syst\u00e8me \u00e0 deux attaquants. Un 3-5-2 ou un 4-4-2.<\/p>\n<p><strong>C\u2019est donc dans un syst\u00e8me avec deux attaquants qu\u2019il peut \u00eatre tr\u00e8s performant&#8230;<\/strong><\/p>\n<p>Ce n\u2019est pas un meneur de jeu, mais il est bien capable de venir de derri\u00e8re et donner une passe d\u00e9cisive. C\u2019est-\u00e0dire qu\u2019il sait d\u00e9caler ou servir un camarade dans les 30 ou les 20 derniers m\u00e8tres. Incontestablement, en plus d\u2019\u00eatre un guerrier sur le terrain, il est aussi tr\u00e8s fort dans ce jeu-l\u00e0.<\/p>\n<p><strong>Peut-\u00eatre alors que l\u2019entraineur national cherche \u00e0 se donner une autre solution tactique\u2026<\/strong><\/p>\n<p>Tout \u00e0 fait. Je pense que si Belmadi a d\u00e9cid\u00e9 de remplacer Belkebla qui est un milieu de terrain par un attaquant comme Andy Delort, il cherche certainement \u00e0 se donner d\u2019autres solutions tactiques comme un syst\u00e8me de jeu avec deux attaquants. Djamel a certainement une id\u00e9e derri\u00e8re la t\u00eate et on va s\u2019en rendre compte durant cette prochaine CAN. Une chose est s\u00fbre, ce n\u2019est pas un choix par hasard.<\/p>\n<p><strong>Entretien r\u00e9alis\u00e9 par Moumen Ait Kaci Ali<\/strong><\/p>\n<p><strong>Publi\u00e9 dans :<\/strong> <span>Belmadi<\/span><\/p>\n<\/div>\n<p>Auteur:<br \/>\n<a href=\"http:\/\/www.lebuteur.com\/article\/detail?titre=cavalli-delort-je-lai-lance-tres-jeune-il-a-les-qualites-pour-ramener-un-plus-a-lalgerie&#038;id=89606&#038;utm_source=feedburner&#038;utm_medium=feed&#038;utm_campaign=Feed%3A+GalerieFArtciles+%28Les+derniers+articles++-+lebuteur.com%29\">Cliquez ici pour lire l&rsquo;article depuis sa source.<\/a><\/p>\n","protected":false},"excerpt":{"rendered":"<p>Auteur : Moumen A. samedi 15 juin 2019 14:35 Pour l\u2019avoir lanc\u00e9 en senior il y a de cela quelques ann\u00e9es \u00e0 Ajaccio, l\u2019entraineur Jean-Michel Cavalli connait tout sur le nouvel attaquant des Verts, Andy Delort. Dans un entretien t\u00e9l\u00e9phonique avec lui hier, l\u2019ex-s\u00e9lectionneur national nous parle de l\u2019efficacit\u00e9 et de l\u2019apport que le n\u00e9o-international [&hellip;]<\/p>\n","protected":false},"author":1738,"featured_media":40749,"comment_status":"closed","ping_status":"closed","sticky":false,"template":"","format":"standard","meta":{"fifu_image_url":"","fifu_image_alt":"","footnotes":""},"categories":[53,75],"tags":[],"class_list":["post-40748","post","type-post","status-publish","format-standard","has-post-thumbnail","hentry","category-algerie","category-sport"],"_links":{"self":[{"href":"https:\/\/linitiative.ca\/International\/wp-json\/wp\/v2\/posts\/40748","targetHints":{"allow":["GET"]}}],"collection":[{"href":"https:\/\/linitiative.ca\/International\/wp-json\/wp\/v2\/posts"}],"about":[{"href":"https:\/\/linitiative.ca\/International\/wp-json\/wp\/v2\/types\/post"}],"author":[{"embeddable":true,"href":"https:\/\/linitiative.ca\/International\/wp-json\/wp\/v2\/users\/1738"}],"replies":[{"embeddable":true,"href":"https:\/\/linitiative.ca\/International\/wp-json\/wp\/v2\/comments?post=40748"}],"version-history":[{"count":0,"href":"https:\/\/linitiative.ca\/International\/wp-json\/wp\/v2\/posts\/40748\/revisions"}],"wp:featuredmedia":[{"embeddable":true,"href":"https:\/\/linitiative.ca\/International\/wp-json\/"}],"wp:attachment":[{"href":"https:\/\/linitiative.ca\/International\/wp-json\/wp\/v2\/media?parent=40748"}],"wp:term":[{"taxonomy":"category","embeddable":true,"href":"https:\/\/linitiative.ca\/International\/wp-json\/wp\/v2\/categories?post=40748"},{"taxonomy":"post_tag","embeddable":true,"href":"https:\/\/linitiative.ca\/International\/wp-json\/wp\/v2\/tags?post=40748"}],"curies":[{"name":"wp","href":"https:\/\/api.w.org\/{rel}","templated":true}]}}