{"id":40750,"date":"2019-06-15T15:14:05","date_gmt":"2019-06-15T19:14:05","guid":{"rendered":"https:\/\/linitiative.ca\/International\/ligue-1-2-mca-djabou-3eme-recrue-du-doyen-officiel\/"},"modified":"2019-06-15T15:14:05","modified_gmt":"2019-06-15T19:14:05","slug":"ligue-1-2-mca-djabou-3eme-recrue-du-doyen-officiel","status":"publish","type":"post","link":"https:\/\/linitiative.ca\/International\/ligue-1-2-mca-djabou-3eme-recrue-du-doyen-officiel\/","title":{"rendered":"Ligue 1 &amp; 2 : MCA: Djabou, 3\u00e8me recrue du doyen (officiel)"},"content":{"rendered":"<div readability=\"32\">\n<p>Auteur : <span class=\"time\">samedi 15 juin 2019 17:56<\/span><\/p>\n<\/div>\n<div id=\"post_core\" readability=\"34\">\n<p>Abdelmoumene \u00a0Djabou s\u2019est engag\u00e9 aujourd\u2019hui en faveur du Mouloudia d\u2019Alger. Le d\u00e9sormais ex joueur de l\u2019ES S\u00e9tif a paraph\u00e9 un contrat de deux saisons en faveur du doyen. Il devient ainsi la troisi\u00e8me recrue estivale de l\u2019\u00e9quipe apr\u00e8s Allati et Brahimi (Ex NAHD).<\/p>\n<p><img decoding=\"async\" alt=\"\" src=\"https:\/\/scontent.fmad3-5.fna.fbcdn.net\/v\/t1.0-9\/63872031_10214392911038654_8794348814514257920_n.jpg?_nc_cat=102&#038;_nc_ht=scontent.fmad3-5.fna&#038;oh=bbc55ecc902030a448d3018792a59b4e&#038;oe=5D96D870\" class=\"c1\"\/><\/p>\n<p><strong>Publi\u00e9 dans :<\/strong> <span>Djabou<\/span><\/p>\n<\/div>\n<p>Auteur:<br \/>\n<a href=\"http:\/\/www.lebuteur.com\/article\/detail?titre=mca-djabou-3eme-recrue-du-doyen-officiel&#038;id=89611&#038;utm_source=feedburner&#038;utm_medium=feed&#038;utm_campaign=Feed%3A+GalerieFArtciles+%28Les+derniers+articles++-+lebuteur.com%29\">Cliquez ici pour lire l&rsquo;article depuis sa source.<\/a><\/p>\n","protected":false},"excerpt":{"rendered":"<p>Auteur : samedi 15 juin 2019 17:56 Abdelmoumene \u00a0Djabou s\u2019est engag\u00e9 aujourd\u2019hui en faveur du Mouloudia d\u2019Alger. Le d\u00e9sormais ex joueur de l\u2019ES S\u00e9tif a paraph\u00e9 un contrat de deux saisons en faveur du doyen. Il devient ainsi la troisi\u00e8me recrue estivale de l\u2019\u00e9quipe apr\u00e8s Allati et Brahimi (Ex NAHD). Publi\u00e9 dans : Djabou Auteur: [&hellip;]<\/p>\n","protected":false},"author":1738,"featured_media":0,"comment_status":"closed","ping_status":"closed","sticky":false,"template":"","format":"standard","meta":{"fifu_image_url":"","fifu_image_alt":"","footnotes":""},"categories":[53,75],"tags":[],"class_list":["post-40750","post","type-post","status-publish","format-standard","hentry","category-algerie","category-sport"],"_links":{"self":[{"href":"https:\/\/linitiative.ca\/International\/wp-json\/wp\/v2\/posts\/40750","targetHints":{"allow":["GET"]}}],"collection":[{"href":"https:\/\/linitiative.ca\/International\/wp-json\/wp\/v2\/posts"}],"about":[{"href":"https:\/\/linitiative.ca\/International\/wp-json\/wp\/v2\/types\/post"}],"author":[{"embeddable":true,"href":"https:\/\/linitiative.ca\/International\/wp-json\/wp\/v2\/users\/1738"}],"replies":[{"embeddable":true,"href":"https:\/\/linitiative.ca\/International\/wp-json\/wp\/v2\/comments?post=40750"}],"version-history":[{"count":0,"href":"https:\/\/linitiative.ca\/International\/wp-json\/wp\/v2\/posts\/40750\/revisions"}],"wp:attachment":[{"href":"https:\/\/linitiative.ca\/International\/wp-json\/wp\/v2\/media?parent=40750"}],"wp:term":[{"taxonomy":"category","embeddable":true,"href":"https:\/\/linitiative.ca\/International\/wp-json\/wp\/v2\/categories?post=40750"},{"taxonomy":"post_tag","embeddable":true,"href":"https:\/\/linitiative.ca\/International\/wp-json\/wp\/v2\/tags?post=40750"}],"curies":[{"name":"wp","href":"https:\/\/api.w.org\/{rel}","templated":true}]}}