{"id":40751,"date":"2019-06-15T15:14:06","date_gmt":"2019-06-15T19:14:06","guid":{"rendered":"https:\/\/linitiative.ca\/International\/ligue-1-2-crb-meziane-cedric-un-fauteuil-pour-deux\/"},"modified":"2019-06-15T15:14:06","modified_gmt":"2019-06-15T19:14:06","slug":"ligue-1-2-crb-meziane-cedric-un-fauteuil-pour-deux","status":"publish","type":"post","link":"https:\/\/linitiative.ca\/International\/ligue-1-2-crb-meziane-cedric-un-fauteuil-pour-deux\/","title":{"rendered":"Ligue 1 &amp; 2 : CRB : Meziane-C\u00e9dric : Un fauteuil pour deux"},"content":{"rendered":"<div readability=\"32\">\n<p>Auteur : <span class=\"time\">samedi 15 juin 2019 17:58<\/span><\/p>\n<\/div>\n<div id=\"post_core\" readability=\"85\">\n<p>Beaucoup de choses vont changer au sein de l\u2019effectif belouizdadi la saison prochaine. La composante devrait \u00eatre revue \u00e0 presque 40% et tous les secteurs vont \u00eatre touch\u00e9s. Du poste de gardien de but \u00e0 celui d\u2019attaquant. Le club de La\u00e2quiba qui souhaite jouer les premiers r\u00f4les en championnat et r\u00e9aliser une bonne compagne africaine a d\u00e9j\u00e0 pris attache avec les meilleurs joueurs sur le march\u00e9, dont Zeghba, le portier de l\u2019ESS qui est pressenti pour prendre le poste de num\u00e9ro 1 du CRB. Ainsi, un gardien au minimum devrait plier bagage lors des semaines \u00e0 venir. Lequel ? La hi\u00e9rarchie \u00e9tablie ces derni\u00e8res semaines entre les deux portiers du Chabab de Belouizdad semble \u00e9ph\u00e9m\u00e8re car au moment de faire des choix concernant la liste des lib\u00e9r\u00e9s, les membres du staff technique h\u00e9sitent fortement. Entre Ily\u00e8s Meziane et Si Mohamed C\u00e9dric, ils n\u2019ont toujours pas tranch\u00e9 m\u00eame si la balance semble pencher en faveur du premier. Et ce pour plusieurs raisons que nous tenterons d\u2019\u00e9voquer dans ce qui va suivre.<\/p>\n<p><strong>Le talent<\/strong><br \/>Naturellement, le premier facteur \u00e0 prendre en consid\u00e9ration est le talent. Un gardien se mesure d\u2019abord par ce qu\u2019il peut apporter sur un terrain. De ce point de vue-l\u00e0, la balance semble ne penche ni du c\u00f4t\u00e9 de Meziane, ni de celui de C\u00e9dric. Les deux portiers ont montr\u00e9 un visage rassurant pendant la saison. Un avis que ne partage pas Mohamed Abrouk, la l\u00e9gende vivante du Chabab de Belouizdad, qui estime que Mohamed Meziane a montr\u00e9 plus de qualit\u00e9 cette saison. \u00ab Personnellement, je pense que Ily\u00e8s Meziane a plus de qualit\u00e9 que son concurrent. Meziane a jou\u00e9 des matchs plus difficiles et surtout dans un contexte tr\u00e8s particulier. Il a montr\u00e9 beaucoup de volont\u00e9 et de d\u00e9termination. Il a m\u00eame sauv\u00e9 le CRB\u00a0 \u00e0 plusieurs reprises tandis que C\u00e9dric n\u2019a pas eu \u00e0 faire beaucoup de boulot lorsqu\u2019il a \u00e9t\u00e9 align\u00e9 comme titulaire \u00bb, a analys\u00e9 Abrouk. Avant d\u2019ajouter : \u00ab Un gardien, ce n\u2019est pas uniquement le gabarit. La preuve, quand j\u2019\u00e9tais entraineur des gardiens, j\u2019ai fait confiance \u00e0 Dekim\u00e8che qui ne d\u00e9passait pas les 1m70 et cela ne l\u2019a pas emp\u00each\u00e9 de r\u00e9aliser des saisons exceptionnelles. \u00bb<br \/><strong>Le facteur \u00e2ge<\/strong><br \/>A bient\u00f4t 35 ans, Si Mohammed C\u00e9dric ne repr\u00e9sente certainement pas l\u2019avenir. Contrairement \u00e0 Ily\u00e8s Meziane qui a encore quelques belles ann\u00e9es devant lui. Mais pour le poste de second keeper, le facteur \u00e2ge est-il tr\u00e8s important ? Interrog\u00e9 dans ce sens, Mohamed Abrouk, qui est surnomm\u00e9 l\u2019araign\u00e9e noire, nous a confi\u00e9 : \u00ab Il est utile d\u2019avoir un deuxi\u00e8me gardien qui allie jeunesse et exp\u00e9rience. Quelqu\u2019un qui peut jouer \u00e0 n\u2019importe quel moment et qui en m\u00eame temps peut rester en place pour quelques ann\u00e9es. La stabilit\u00e9 dans ce poste est importante pour une \u00e9quipe. \u00bb Ainsi, on comprend que le maintien de Meziane serait plus judicieux pour Abdelkader Amrani et ses adjoints. Ces derniers devraient d\u2019ailleurs de r\u00e9unir bient\u00f4t pour trancher la question. Amrouche, Bakhti et Benamer, tous donneront leur avis sur la question avant que l\u2019entraineur en chef, en l\u2019occurrence Abdelkader Amrani ne prenne une d\u00e9cision finale.<\/p>\n<p><strong>L\u2019\u00e9tat d\u2019esprit<\/strong><br \/>La stabilit\u00e9 psychologique d\u2019un groupe est tr\u00e8s importante pour viser les sommets du football national et continental. C\u2019est d\u2019ailleurs essentiellement pour cette raison que Djamel Chettal a \u00e9t\u00e9 \u00e9cart\u00e9 du groupe, et ce \u00e0 plusieurs reprises, par le coach Amrani qui lui reproche notamment son comportement peu professionnel dans les moments cl\u00e9s de la saison. \u00ab Personnellement, je n\u2019ai pas besoin des joueurs qui ont un mauvais caract\u00e8re et qui ne respectent pas les couleurs et l\u2019histoire du club, a estim\u00e9 Abrouk. Le Chabab ce n\u2019est pas uniquement de l\u2019argent mais c\u2019est bien plus que \u00e7a. \u00bb Chettal n\u2019est pas le seul joueur \u00e0 avoir eu un comportement n\u00e9gatif cette saison. Plusieurs autres joueurs n\u2019ont pas montr\u00e9 l\u2019\u00e9tat d\u2019esprit ad\u00e9quat en d\u00e9but de saison, et Si Mohamed C\u00e9dric, qui a l\u00e2ch\u00e9 le club lorsqu\u2019il n\u2019y avait pas d\u2019argent dans les comptes, en fait partie. D\u2019ailleurs, c\u2019est pendant son absence que Ily\u00e8s Meziane s\u2019est distingu\u00e9 et qu\u2019il a sorti plusieurs prestations rassurantes.\u00a0 Au moment de trancher, les personnes concern\u00e9es prendront certainement cet \u00e9l\u00e9ment en consid\u00e9ration.<br \/><strong>Le salaire<\/strong><br \/>Le Chabab de Belouizdad b\u00e9n\u00e9ficie certes d\u2019une tr\u00e8s bonne assise financi\u00e8re. Mais il ne peut pas non plus se permettre des folies, comme par exemple avoir des gardiens qui tournent \u00e0 plus de 300 millions de centimes par mois les deux. Et pourtant, si Said Allik parvient \u00e0 conclure avec Zeghba, cela se fera certainement autour d\u2019un salaire int\u00e9ressant qui d\u00e9passe les 170 millions.\u00a0 Et si on les jumelle aux 130 millions que touche Si Mohamed C\u00e9dric, on se retrouve rapidement dans l\u2019exc\u00e8s. Une meilleure politique s\u2019impose donc. Une politique qui pr\u00e9serve les caisses du club et qui maintient en m\u00eame temps une certaine coh\u00e9rence au niveau de la politique salariale. Dans ce sens, Abrouk nous dira : \u00ab On peut se permettra un gros salaire pour le poste de num\u00e9ro 1. Mais pour le reste, on doit rester coh\u00e9rent. Le deuxi\u00e8me gardien ne peut pas co\u00fbter aussi cher que le premier. Et puis, il faut aussi faire confiance aux jeunes gardiens et les faire travailler plus car ils sont l\u2019avenir du club. \u00bb L\u2019avenir du Chabab de Belouizdad s\u2019\u00e9crira-t-il avec Meziane ? Avec C\u00e9dric ? Ou alors sans les deux ? Les prochains jours nous apporteront un \u00e9l\u00e9ment de r\u00e9ponse.<br \/>\u00a0<\/p>\n<\/div>\n<p>Auteur:<br \/>\n<a href=\"http:\/\/www.lebuteur.com\/article\/detail?titre=crb-meziane-cedric-un-fauteuil-pour-deux&#038;id=89610&#038;utm_source=feedburner&#038;utm_medium=feed&#038;utm_campaign=Feed%3A+GalerieFArtciles+%28Les+derniers+articles++-+lebuteur.com%29\">Cliquez ici pour lire l&rsquo;article depuis sa source.<\/a><\/p>\n","protected":false},"excerpt":{"rendered":"<p>Auteur : samedi 15 juin 2019 17:58 Beaucoup de choses vont changer au sein de l\u2019effectif belouizdadi la saison prochaine. La composante devrait \u00eatre revue \u00e0 presque 40% et tous les secteurs vont \u00eatre touch\u00e9s. Du poste de gardien de but \u00e0 celui d\u2019attaquant. Le club de La\u00e2quiba qui souhaite jouer les premiers r\u00f4les en [&hellip;]<\/p>\n","protected":false},"author":1738,"featured_media":40752,"comment_status":"closed","ping_status":"closed","sticky":false,"template":"","format":"standard","meta":{"fifu_image_url":"","fifu_image_alt":"","footnotes":""},"categories":[53,75],"tags":[],"class_list":["post-40751","post","type-post","status-publish","format-standard","has-post-thumbnail","hentry","category-algerie","category-sport"],"_links":{"self":[{"href":"https:\/\/linitiative.ca\/International\/wp-json\/wp\/v2\/posts\/40751","targetHints":{"allow":["GET"]}}],"collection":[{"href":"https:\/\/linitiative.ca\/International\/wp-json\/wp\/v2\/posts"}],"about":[{"href":"https:\/\/linitiative.ca\/International\/wp-json\/wp\/v2\/types\/post"}],"author":[{"embeddable":true,"href":"https:\/\/linitiative.ca\/International\/wp-json\/wp\/v2\/users\/1738"}],"replies":[{"embeddable":true,"href":"https:\/\/linitiative.ca\/International\/wp-json\/wp\/v2\/comments?post=40751"}],"version-history":[{"count":0,"href":"https:\/\/linitiative.ca\/International\/wp-json\/wp\/v2\/posts\/40751\/revisions"}],"wp:featuredmedia":[{"embeddable":true,"href":"https:\/\/linitiative.ca\/International\/wp-json\/"}],"wp:attachment":[{"href":"https:\/\/linitiative.ca\/International\/wp-json\/wp\/v2\/media?parent=40751"}],"wp:term":[{"taxonomy":"category","embeddable":true,"href":"https:\/\/linitiative.ca\/International\/wp-json\/wp\/v2\/categories?post=40751"},{"taxonomy":"post_tag","embeddable":true,"href":"https:\/\/linitiative.ca\/International\/wp-json\/wp\/v2\/tags?post=40751"}],"curies":[{"name":"wp","href":"https:\/\/api.w.org\/{rel}","templated":true}]}}