{"id":40755,"date":"2019-06-15T15:14:08","date_gmt":"2019-06-15T19:14:08","guid":{"rendered":"https:\/\/linitiative.ca\/International\/ligue-1-2-jsk-le-recrutement-estival-sera-boucle-dans-48-heures\/"},"modified":"2019-06-15T15:14:08","modified_gmt":"2019-06-15T19:14:08","slug":"ligue-1-2-jsk-le-recrutement-estival-sera-boucle-dans-48-heures","status":"publish","type":"post","link":"https:\/\/linitiative.ca\/International\/ligue-1-2-jsk-le-recrutement-estival-sera-boucle-dans-48-heures\/","title":{"rendered":"Ligue 1 &amp; 2 : JSK : Le recrutement estival sera boucl\u00e9 dans 48 heures"},"content":{"rendered":"<div readability=\"32\">\n<p>Auteur : <span>L. A.<\/span> <span class=\"time\">samedi 15 juin 2019 17:58<\/span><\/p>\n<\/div>\n<div id=\"post_core\" readability=\"49\">\n<p>Dans deux semaines, la JSK version 2019\/2020 retrouvera le chemin des entra\u00eenements. La direction kabyle a trac\u00e9 le programme de la reprise qui aura lieu \u00e0 Tizi durant une semaine, avant de se d\u00e9placer \u00e0 Evian (France) o\u00f9 se d\u00e9roulera le regroupement estival. C\u00f4t\u00e9 recrutement, les dossiers ont \u00e9t\u00e9 ouverts \u00e0 la fin du championnat et suite \u00e0 une r\u00e9union des responsables pour arr\u00eater une feuille de route. Jusqu\u2019\u00e0 pr\u00e9sent, le club a engag\u00e9 quatre nouveaux joueurs, dont deux ont \u00e9t\u00e9 pr\u00e9sent\u00e9s officiellement, Addadi (OM) et Bensayeh (JSMB). Les deux autres signataires Banouh et El Orfi feront de m\u00eame dans les prochains jours. Concernant toujours le recrutement, la direction a tout conclu avec Bounoua qui se trouve \u00e0 l\u2019\u00e9tranger et sa signature se fera sous peu. Selon une source fiable, la cellule de recrutement tend boucler ce dossier en faisant signer les joueurs en pourparlers. Une source de la direction a affirm\u00e9 que dans 48 heures, le club finalisera avec les nouveaux d\u00e9barqu\u00e9s et passera par la suite aux pr\u00e9paratifs du voyage \u00e0 l\u2019\u00e9tranger.<br \/><strong>Mellal insiste sur deux excellents \u00e9trangers<\/strong><br \/>Le recrutement de deux joueurs \u00e9trangers demeure la priorit\u00e9 du club le plus titr\u00e9 du pays. On a annonc\u00e9 sur ces m\u00eames colonnes que plusieurs pistes de joueurs africains ont \u00e9t\u00e9 propos\u00e9es par des agents et leurs dossiers se trouvent sur le bureau de la cellule de recrutement. Les Kabyles refusent de se pr\u00e9cipiter avant de trancher. Pour sa part, le boss Mellal insiste \u00e9norm\u00e9ment sur deux attaquants \u00e9trangers bien exp\u00e9riment\u00e9s en comp\u00e9tition africaine. Le retour du club sur la sc\u00e8ne continentale doit \u00eatre une r\u00e9ussite et son patron rassure les supporters qu\u2019il mettra les moyens n\u00e9cessaires.<br \/><strong>\u00abLogiquement, d\u2019ici lundi, le dossier sera clos\u00bb<\/strong><br \/>S\u2019exprimant sur le recrutement, le pr\u00e9sident a d\u00e9clar\u00e9 : \u00abNous avons pour le moment finalis\u00e9 avec quatre nouveaux joueurs. Nous sommes \u00e9galement en contact avec d\u2019autres au niveau local. Ils s\u2019engageront en principe dans les prochaines quarante-huit heures. On souhaite aussi nous renforcer par des joueurs \u00e9trangers. D\u2019ici lundi prochain, il y aura du nouveau et en principe on bouclera le dossier pour passer \u00e0 autre chose.\u00bb<br \/>\u00a0<\/p>\n<\/div>\n<p>Auteur:<br \/>\n<a href=\"http:\/\/www.lebuteur.com\/article\/detail?titre=jsk-le-recrutement-estival-sera-boucle-dans-48-heures&#038;id=89608&#038;utm_source=feedburner&#038;utm_medium=feed&#038;utm_campaign=Feed%3A+GalerieFArtciles+%28Les+derniers+articles++-+lebuteur.com%29\">Cliquez ici pour lire l&rsquo;article depuis sa source.<\/a><\/p>\n","protected":false},"excerpt":{"rendered":"<p>Auteur : L. A. samedi 15 juin 2019 17:58 Dans deux semaines, la JSK version 2019\/2020 retrouvera le chemin des entra\u00eenements. La direction kabyle a trac\u00e9 le programme de la reprise qui aura lieu \u00e0 Tizi durant une semaine, avant de se d\u00e9placer \u00e0 Evian (France) o\u00f9 se d\u00e9roulera le regroupement estival. C\u00f4t\u00e9 recrutement, les [&hellip;]<\/p>\n","protected":false},"author":1738,"featured_media":40756,"comment_status":"closed","ping_status":"closed","sticky":false,"template":"","format":"standard","meta":{"fifu_image_url":"","fifu_image_alt":"","footnotes":""},"categories":[53,75],"tags":[],"class_list":["post-40755","post","type-post","status-publish","format-standard","has-post-thumbnail","hentry","category-algerie","category-sport"],"_links":{"self":[{"href":"https:\/\/linitiative.ca\/International\/wp-json\/wp\/v2\/posts\/40755","targetHints":{"allow":["GET"]}}],"collection":[{"href":"https:\/\/linitiative.ca\/International\/wp-json\/wp\/v2\/posts"}],"about":[{"href":"https:\/\/linitiative.ca\/International\/wp-json\/wp\/v2\/types\/post"}],"author":[{"embeddable":true,"href":"https:\/\/linitiative.ca\/International\/wp-json\/wp\/v2\/users\/1738"}],"replies":[{"embeddable":true,"href":"https:\/\/linitiative.ca\/International\/wp-json\/wp\/v2\/comments?post=40755"}],"version-history":[{"count":0,"href":"https:\/\/linitiative.ca\/International\/wp-json\/wp\/v2\/posts\/40755\/revisions"}],"wp:featuredmedia":[{"embeddable":true,"href":"https:\/\/linitiative.ca\/International\/wp-json\/"}],"wp:attachment":[{"href":"https:\/\/linitiative.ca\/International\/wp-json\/wp\/v2\/media?parent=40755"}],"wp:term":[{"taxonomy":"category","embeddable":true,"href":"https:\/\/linitiative.ca\/International\/wp-json\/wp\/v2\/categories?post=40755"},{"taxonomy":"post_tag","embeddable":true,"href":"https:\/\/linitiative.ca\/International\/wp-json\/wp\/v2\/tags?post=40755"}],"curies":[{"name":"wp","href":"https:\/\/api.w.org\/{rel}","templated":true}]}}