{"id":40757,"date":"2019-06-15T15:14:09","date_gmt":"2019-06-15T19:14:09","guid":{"rendered":"https:\/\/linitiative.ca\/International\/afrique-senegal-mauvaise-nouvelle-pour-sadio-mane\/"},"modified":"2019-06-15T15:14:09","modified_gmt":"2019-06-15T19:14:09","slug":"afrique-senegal-mauvaise-nouvelle-pour-sadio-mane","status":"publish","type":"post","link":"https:\/\/linitiative.ca\/International\/afrique-senegal-mauvaise-nouvelle-pour-sadio-mane\/","title":{"rendered":"Afrique : S\u00e9n\u00e9gal: Mauvaise nouvelle pour Sadio Man\u00e9"},"content":{"rendered":"<div readability=\"32\">\n<p>Auteur : <span class=\"time\">samedi 15 juin 2019 18:01<\/span><\/p>\n<\/div>\n<div id=\"post_core\" readability=\"41\">\n<p>Sadio Man\u00e9 ne participera pas au premier match du S\u00e9n\u00e9gal \u00e0 la Coupe d&rsquo;Afrique des nations. L&rsquo;attaquant international s\u00e9n\u00e9galais (27 ans, 60 s\u00e9lections) est suspendu pour la rencontre contre la Tanzanie le 23 juin au Caire (groupe C), pour avoir pris deux cartons jaunes pendant les \u00e9liminatoires. \u00ab Son absence ne devrait en aucun cas nous d\u00e9ranger, a dit Aliou Ciss\u00e9, le s\u00e9lectionneur s\u00e9n\u00e9galais. Nous restons forts sans lui.\u00bb rapporte l\u2019Equipe.fr.<\/p>\n<p><strong>Publi\u00e9 dans :<\/strong> <span>Sadio Man\u00e9<\/span><\/p>\n<\/div>\n<p>Auteur:<br \/>\n<a href=\"http:\/\/www.lebuteur.com\/article\/detail?titre=senegal-mauvaise-nouvelle-pour-sadio-mane&#038;id=89612&#038;utm_source=feedburner&#038;utm_medium=feed&#038;utm_campaign=Feed%3A+GalerieFArtciles+%28Les+derniers+articles++-+lebuteur.com%29\">Cliquez ici pour lire l&rsquo;article depuis sa source.<\/a><\/p>\n","protected":false},"excerpt":{"rendered":"<p>Auteur : samedi 15 juin 2019 18:01 Sadio Man\u00e9 ne participera pas au premier match du S\u00e9n\u00e9gal \u00e0 la Coupe d&rsquo;Afrique des nations. L&rsquo;attaquant international s\u00e9n\u00e9galais (27 ans, 60 s\u00e9lections) est suspendu pour la rencontre contre la Tanzanie le 23 juin au Caire (groupe C), pour avoir pris deux cartons jaunes pendant les \u00e9liminatoires. \u00ab [&hellip;]<\/p>\n","protected":false},"author":1738,"featured_media":40758,"comment_status":"closed","ping_status":"closed","sticky":false,"template":"","format":"standard","meta":{"fifu_image_url":"","fifu_image_alt":"","footnotes":""},"categories":[53,75],"tags":[],"class_list":["post-40757","post","type-post","status-publish","format-standard","has-post-thumbnail","hentry","category-algerie","category-sport"],"_links":{"self":[{"href":"https:\/\/linitiative.ca\/International\/wp-json\/wp\/v2\/posts\/40757","targetHints":{"allow":["GET"]}}],"collection":[{"href":"https:\/\/linitiative.ca\/International\/wp-json\/wp\/v2\/posts"}],"about":[{"href":"https:\/\/linitiative.ca\/International\/wp-json\/wp\/v2\/types\/post"}],"author":[{"embeddable":true,"href":"https:\/\/linitiative.ca\/International\/wp-json\/wp\/v2\/users\/1738"}],"replies":[{"embeddable":true,"href":"https:\/\/linitiative.ca\/International\/wp-json\/wp\/v2\/comments?post=40757"}],"version-history":[{"count":0,"href":"https:\/\/linitiative.ca\/International\/wp-json\/wp\/v2\/posts\/40757\/revisions"}],"wp:featuredmedia":[{"embeddable":true,"href":"https:\/\/linitiative.ca\/International\/wp-json\/"}],"wp:attachment":[{"href":"https:\/\/linitiative.ca\/International\/wp-json\/wp\/v2\/media?parent=40757"}],"wp:term":[{"taxonomy":"category","embeddable":true,"href":"https:\/\/linitiative.ca\/International\/wp-json\/wp\/v2\/categories?post=40757"},{"taxonomy":"post_tag","embeddable":true,"href":"https:\/\/linitiative.ca\/International\/wp-json\/wp\/v2\/tags?post=40757"}],"curies":[{"name":"wp","href":"https:\/\/api.w.org\/{rel}","templated":true}]}}