{"id":40791,"date":"2019-06-15T13:33:00","date_gmt":"2019-06-15T17:33:00","guid":{"rendered":"https:\/\/linitiative.ca\/International\/nouvelle-structure-hospitaliere-a-mostaganem-lhopital-universitaire-240-lits-fonctionnel-des-juillet\/"},"modified":"2019-06-15T13:33:00","modified_gmt":"2019-06-15T17:33:00","slug":"nouvelle-structure-hospitaliere-a-mostaganem-lhopital-universitaire-240-lits-fonctionnel-des-juillet","status":"publish","type":"post","link":"https:\/\/linitiative.ca\/International\/nouvelle-structure-hospitaliere-a-mostaganem-lhopital-universitaire-240-lits-fonctionnel-des-juillet\/","title":{"rendered":"NOUVELLE STRUCTURE HOSPITALIERE A MOSTAGANEM : L\u2019h\u00f4pital universitaire \u2018\u2019240 lits\u2019\u2019, fonctionnel d\u00e8s juillet"},"content":{"rendered":"<p><br id=\"sep_para_1\" class=\"sep_para access\"\/><\/p>\n<div id=\"para_1\" class=\"para_31727607 resize\">\n<div class=\"texte access firstletter\">L\u2019h\u00f4pital universitaire de Mostaganem\u00a0 sera mis\u00a0 en service\u00a0 dans la premi\u00e8re quinzaine du mois de juillet\u00a0 2019 d\u00e9s son inauguration au d\u00e9but de ce septi\u00e8me mois. En effet, cette infrastructure a accus\u00e9 un retard flagrant depuis le lancement du projet. C\u2019est gr\u00e2ce aux efforts consentis par les responsables de la wilaya chacun dans\u00a0 son domaine, wali, directrice de logement, directeur de l\u2019\u00e9quipement public, directeur de la sant\u00e9 publique et de l\u2019ensemble du personnel technique et administratif que ce projet a \u00e9t\u00e9 relanc\u00e9 et maintenant r\u00e9alis\u00e9 \u00e0 plus de 96%. Il sera op\u00e9rationnel le mois prochain. Cet h\u00f4pital universitaire dispose de toutes les commodit\u00e9s et comprend des installations,\u00a0 chirurgie g\u00e9n\u00e9rale, traumato orthop\u00e9die, urologie, radioth\u00e9rapie, neurochirurgie, IRM, Scanner, radio, \u00e9chographie,\u00a0 \u00e9quipements dentaires ainsi qu\u2019une salle de m\u00e9decine l\u00e9gale dot\u00e9e de salle d\u2019orthop\u00e9die, une morgue, un bloc microbiologie et de s\u00e9rologie, table de consultation et autres. Notant que cette infrastructure hospitali\u00e8re est implant\u00e9e \u00e0 la cit\u00e9 Kharrouba jouxtant\u00a0 l\u2019universit\u00e9 de m\u00e9decine, d\u2019une capacit\u00e9 de 240 lits est en cours de mat\u00e9rialisation avec\u00a0 un taux d\u2019avancement de 96%, apprend-on.\u00a0 Elle occupe une superficie de\u00a0 plus 66000 m2 et aura co\u00fbt\u00e9 pour sa mat\u00e9rialisation, un montant global de 6\u00a0 milliards de da\u00a0 dont 2 milliards de da pour l\u2019acquisition des \u00e9quipements m\u00e9dicaux sp\u00e9cialis\u00e9s.\u00a0\u00a0\u00a0\u00a0\u00a0\u00a0\u00a0\u00a0\u00a0<\/div>\n<\/div>\n<p>Auteur: G.Yacine<br \/>\n<a href=\"https:\/\/www.reflexiondz.net\/NOUVELLE-STRUCTURE-HOSPITALIERE-A-MOSTAGANEM-L-hopital-universitaire-240-lits--fonctionnel-des-juillet_a56184.html\">Cliquez ici pour lire l&rsquo;article depuis sa source.<\/a><\/p>\n","protected":false},"excerpt":{"rendered":"<p>L\u2019h\u00f4pital universitaire de Mostaganem\u00a0 sera mis\u00a0 en service\u00a0 dans la premi\u00e8re quinzaine du mois de juillet\u00a0 2019 d\u00e9s son inauguration au d\u00e9but de ce septi\u00e8me mois. En effet, cette infrastructure a accus\u00e9 un retard flagrant depuis le lancement du projet. C\u2019est gr\u00e2ce aux efforts consentis par les responsables de la wilaya chacun dans\u00a0 son domaine, [&hellip;]<\/p>\n","protected":false},"author":1740,"featured_media":0,"comment_status":"closed","ping_status":"closed","sticky":false,"template":"","format":"standard","meta":{"fifu_image_url":"","fifu_image_alt":"","footnotes":""},"categories":[53,76],"tags":[],"class_list":["post-40791","post","type-post","status-publish","format-standard","hentry","category-algerie","category-regions"],"_links":{"self":[{"href":"https:\/\/linitiative.ca\/International\/wp-json\/wp\/v2\/posts\/40791","targetHints":{"allow":["GET"]}}],"collection":[{"href":"https:\/\/linitiative.ca\/International\/wp-json\/wp\/v2\/posts"}],"about":[{"href":"https:\/\/linitiative.ca\/International\/wp-json\/wp\/v2\/types\/post"}],"author":[{"embeddable":true,"href":"https:\/\/linitiative.ca\/International\/wp-json\/wp\/v2\/users\/1740"}],"replies":[{"embeddable":true,"href":"https:\/\/linitiative.ca\/International\/wp-json\/wp\/v2\/comments?post=40791"}],"version-history":[{"count":0,"href":"https:\/\/linitiative.ca\/International\/wp-json\/wp\/v2\/posts\/40791\/revisions"}],"wp:attachment":[{"href":"https:\/\/linitiative.ca\/International\/wp-json\/wp\/v2\/media?parent=40791"}],"wp:term":[{"taxonomy":"category","embeddable":true,"href":"https:\/\/linitiative.ca\/International\/wp-json\/wp\/v2\/categories?post=40791"},{"taxonomy":"post_tag","embeddable":true,"href":"https:\/\/linitiative.ca\/International\/wp-json\/wp\/v2\/tags?post=40791"}],"curies":[{"name":"wp","href":"https:\/\/api.w.org\/{rel}","templated":true}]}}