{"id":40807,"date":"2019-06-15T06:00:00","date_gmt":"2019-06-15T10:00:00","guid":{"rendered":"https:\/\/linitiative.ca\/International\/fidele-a-la-memoire-de-fouad-boughanem\/"},"modified":"2019-06-15T06:00:00","modified_gmt":"2019-06-15T10:00:00","slug":"fidele-a-la-memoire-de-fouad-boughanem","status":"publish","type":"post","link":"https:\/\/linitiative.ca\/International\/fidele-a-la-memoire-de-fouad-boughanem\/","title":{"rendered":"Fid\u00e8le \u00e0 la m\u00e9moire  de Fouad Boughanem"},"content":{"rendered":"<p>Nous poursuivons non sans peine ce qu\u2019il avait commenc\u00e9, la confection quotidienne du journal. Sans lui. Sa pr\u00e9sence imposante, ses pas dans les couloirs des locaux, ses passages au service PAO lorsqu\u2019il v\u00e9rifiait les pages du lendemain et quand il trouvait une erreur dans les contributions, il s\u2019empressait de demander \u00e0 ce qu\u2019on la rattrape&#8230; nous manquent.<br \/>Ses appr\u00e9ciations relatives au magazine du samedi nous faisaient chaud au c\u0153ur quand tous les mercredis il se mettait derri\u00e8re notre dos, lisait la titraille ou d\u00e9couvrait\u00a0 avec \u00e9tonnement un plat traditionnel de la rubrique \u00abvoyage culinaire\u00bb.\u00a0<br \/>Ces dix minutes, tellement importantes pour nous, qu\u2019il nous accordait, font\u00a0 h\u00e9las partie du pass\u00e9,\u00a0 mais que nous conserverons pr\u00e9cieusement dans nos m\u00e9moires et nos c\u0153urs.\u00a0<br \/>Quelques jours avant son d\u00e9part, ses visites se faisaient de plus en plus rares. On demandait de ses nouvelles dans la discr\u00e9tion, mais on \u00e9tait loin de se douter que son \u00e9tat de sant\u00e9 s\u2019\u00e9tait d\u00e9t\u00e9rior\u00e9 au point de nous quitter sans crier gare, sans que nous puissions lui dire ou lui \u00e9crire ce que nous pensions de lui, le grand homme qu\u2019il \u00e9tait, pour qui nous priions pour sa gu\u00e9rison. Nous continuerons\u00a0 inlassablement son \u0153uvre.\u00a0<br \/>Une aventure que j\u2019ai commenc\u00e9e\u00a0 avec l\u2019\u00e9quipe du Soir d\u2019Alg\u00e9rie\u00a0 un certain 3 septembre 1990, qui est devenue ma seconde famille et \u00e0 laquelle je suis rest\u00e9e fid\u00e8le. Nous voulions tout simplement qu\u2019il sache que nous l\u2019affectionnons.<\/p>\n<p>Auteur:<br \/>\n<a href=\"https:\/\/www.lesoirdalgerie.com\/le-soirmagazine\/fidele-a-la-memoire-de-fouad-boughanem-25397\">Cliquez ici pour lire l&rsquo;article depuis sa source.<\/a><\/p>\n","protected":false},"excerpt":{"rendered":"<p>Nous poursuivons non sans peine ce qu\u2019il avait commenc\u00e9, la confection quotidienne du journal. Sans lui. Sa pr\u00e9sence imposante, ses pas dans les couloirs des locaux, ses passages au service PAO lorsqu\u2019il v\u00e9rifiait les pages du lendemain et quand il trouvait une erreur dans les contributions, il s\u2019empressait de demander \u00e0 ce qu\u2019on la rattrape&#8230; [&hellip;]<\/p>\n","protected":false},"author":1741,"featured_media":0,"comment_status":"closed","ping_status":"closed","sticky":false,"template":"","format":"standard","meta":{"fifu_image_url":"","fifu_image_alt":"","footnotes":""},"categories":[73,53],"tags":[],"class_list":["post-40807","post","type-post","status-publish","format-standard","hentry","category-actualite","category-algerie"],"_links":{"self":[{"href":"https:\/\/linitiative.ca\/International\/wp-json\/wp\/v2\/posts\/40807","targetHints":{"allow":["GET"]}}],"collection":[{"href":"https:\/\/linitiative.ca\/International\/wp-json\/wp\/v2\/posts"}],"about":[{"href":"https:\/\/linitiative.ca\/International\/wp-json\/wp\/v2\/types\/post"}],"author":[{"embeddable":true,"href":"https:\/\/linitiative.ca\/International\/wp-json\/wp\/v2\/users\/1741"}],"replies":[{"embeddable":true,"href":"https:\/\/linitiative.ca\/International\/wp-json\/wp\/v2\/comments?post=40807"}],"version-history":[{"count":0,"href":"https:\/\/linitiative.ca\/International\/wp-json\/wp\/v2\/posts\/40807\/revisions"}],"wp:attachment":[{"href":"https:\/\/linitiative.ca\/International\/wp-json\/wp\/v2\/media?parent=40807"}],"wp:term":[{"taxonomy":"category","embeddable":true,"href":"https:\/\/linitiative.ca\/International\/wp-json\/wp\/v2\/categories?post=40807"},{"taxonomy":"post_tag","embeddable":true,"href":"https:\/\/linitiative.ca\/International\/wp-json\/wp\/v2\/tags?post=40807"}],"curies":[{"name":"wp","href":"https:\/\/api.w.org\/{rel}","templated":true}]}}