{"id":40815,"date":"2019-06-15T05:18:41","date_gmt":"2019-06-15T09:18:41","guid":{"rendered":"https:\/\/linitiative.ca\/International\/regus-inaugure-un-nouvel-espace-de-travail-a-tanger\/"},"modified":"2019-06-15T05:18:41","modified_gmt":"2019-06-15T09:18:41","slug":"regus-inaugure-un-nouvel-espace-de-travail-a-tanger","status":"publish","type":"post","link":"https:\/\/linitiative.ca\/International\/regus-inaugure-un-nouvel-espace-de-travail-a-tanger\/","title":{"rendered":"Regus inaugure un nouvel espace de travail \u00e0 Tanger"},"content":{"rendered":"<p>Le groupe international Regus, leader mondial des espaces de travail et du coworking, renforce sa pr\u00e9sence au Maroc. Il a inaugur\u00e9, vendredi \u00e0 Tanger, un nouvel espace de travail flexible dans le centre Ibn Batouta Bureaux, qui s\u2019ajoute aux 15 centres d\u2019affaires d\u00e9j\u00e0 d\u00e9ploy\u00e9s \u00e0 Casablanca et \u00e0 Rabat.<\/p>\n<div class=\"c10\"\/>\n<p>Ce nouvel espace vient renforcer la pr\u00e9sence du groupe international au Maroc, pays qui a \u00e9t\u00e9, d\u00e8s 1997, le premier \u00e0 s\u00e9duire Regus en Afrique. Son implantation \u00e0 Tanger, ville strat\u00e9gique aux portes du continent africain, s\u2019inscrit comme une nouvelle \u00e9tape dans le d\u00e9veloppement de son maillage au Royaume.<\/p>\n<p>L\u2019inauguration de la ligne \u00e0 grande vitesse (LGV) a \u00e9t\u00e9 \u00ab\u00a0parmi les raisons d\u00e9cisives dans notre choix de nous ouvrir sur Tanger, apr\u00e8s Casablanca et Rabat, tout comme sa proximit\u00e9 de l\u2019Europe et la pr\u00e9sence d\u2019infrastructures importantes, comme Tanger Med\u00a0\u00bb, a soulign\u00e9Tarek Abou Zeinab, directeur g\u00e9n\u00e9ral du groupe Regus pour l\u2019Afrique du nord.<\/p>\n<p>L\u2019espace de travail, a-t-il expliqu\u00e9, offre \u00ab\u00a0un environnement id\u00e9al aux entreprises de tous types et de toutes tailles, et permet de s\u2019adapter aux besoins de chaque client\u00a0\u00bb.<\/p>\n<p>Abou Zeinab, qui dirige les activit\u00e9s du groupe international au Maroc, en Egypte, en Alg\u00e9rie, au S\u00e9n\u00e9gal, en C\u00f4te d\u2019Ivoire, au Gabon, au Djibouti, et en Guin\u00e9e, a fait observer que \u00ab\u00a0le Maroc se d\u00e9veloppe de jour en jour, ce qui nous encourage \u00e0 nous ouvrir sur d\u2019autres villes comme Marrakech et F\u00e8s\u00a0\u00bb, faisant savoir que d\u2019ici 2023, \u00ab\u00a0le groupe projette d\u2019avoir atteint 40 sites au Maroc r\u00e9partis sur toutes les r\u00e9gions\u00a0\u00bb.<\/p>\n<p>Le centre d\u2019affaire Regus est compos\u00e9 de 121 postes de travail, d\u2019un espace de coworking d\u00e9di\u00e9 aux membres et d\u2019une salle de r\u00e9union. B\u00e9n\u00e9ficiant d\u2019une situation strat\u00e9gique \u00e0 5 minutes en voiture de la gare de Tanger et 20 km de la zone franche de Tanger Med, le centre constitue \u00ab\u00a0une adresse id\u00e9ale pour les voyageurs d\u2019affaires et les entreprises de toute taille\u00a0\u00bb, se r\u00e9jouit l\u2019entreprise dans un communiqu\u00e9.<\/p>\n<div class=\"c17\">\n<fieldset class=\"c16\">\n<legend><strong><span class=\"c11\">Challenge<\/span><span class=\"c12\">news<\/span><\/strong><\/legend>\n<div class=\"c15\">Le meilleur de la r\u00e9daction s\u00e9lectionn\u00e9 par Challenge :<\/p>\n<\/div>\n<\/fieldset>\n<\/div>\n<p>Auteur: challenge<br \/>\n<a href=\"https:\/\/www.challenge.ma\/regus-inaugure-un-nouvel-espace-de-travail-a-tanger-110756\/\">Cliquez ici pour lire l&rsquo;article depuis sa source.<\/a><\/p>\n","protected":false},"excerpt":{"rendered":"<p>Le groupe international Regus, leader mondial des espaces de travail et du coworking, renforce sa pr\u00e9sence au Maroc. Il a inaugur\u00e9, vendredi \u00e0 Tanger, un nouvel espace de travail flexible dans le centre Ibn Batouta Bureaux, qui s\u2019ajoute aux 15 centres d\u2019affaires d\u00e9j\u00e0 d\u00e9ploy\u00e9s \u00e0 Casablanca et \u00e0 Rabat. Ce nouvel espace vient renforcer la [&hellip;]<\/p>\n","protected":false},"author":1787,"featured_media":0,"comment_status":"closed","ping_status":"closed","sticky":false,"template":"","format":"standard","meta":{"fifu_image_url":"","fifu_image_alt":"","footnotes":""},"categories":[78,54],"tags":[],"class_list":["post-40815","post","type-post","status-publish","format-standard","hentry","category-economie","category-maroc"],"_links":{"self":[{"href":"https:\/\/linitiative.ca\/International\/wp-json\/wp\/v2\/posts\/40815","targetHints":{"allow":["GET"]}}],"collection":[{"href":"https:\/\/linitiative.ca\/International\/wp-json\/wp\/v2\/posts"}],"about":[{"href":"https:\/\/linitiative.ca\/International\/wp-json\/wp\/v2\/types\/post"}],"author":[{"embeddable":true,"href":"https:\/\/linitiative.ca\/International\/wp-json\/wp\/v2\/users\/1787"}],"replies":[{"embeddable":true,"href":"https:\/\/linitiative.ca\/International\/wp-json\/wp\/v2\/comments?post=40815"}],"version-history":[{"count":0,"href":"https:\/\/linitiative.ca\/International\/wp-json\/wp\/v2\/posts\/40815\/revisions"}],"wp:attachment":[{"href":"https:\/\/linitiative.ca\/International\/wp-json\/wp\/v2\/media?parent=40815"}],"wp:term":[{"taxonomy":"category","embeddable":true,"href":"https:\/\/linitiative.ca\/International\/wp-json\/wp\/v2\/categories?post=40815"},{"taxonomy":"post_tag","embeddable":true,"href":"https:\/\/linitiative.ca\/International\/wp-json\/wp\/v2\/tags?post=40815"}],"curies":[{"name":"wp","href":"https:\/\/api.w.org\/{rel}","templated":true}]}}