{"id":40821,"date":"2019-06-15T13:42:47","date_gmt":"2019-06-15T17:42:47","guid":{"rendered":"https:\/\/linitiative.ca\/International\/tunisie-kebili-un-incendie-dans-une-palmeraie-25-palmiers-dattiers-brules\/"},"modified":"2019-06-15T13:42:47","modified_gmt":"2019-06-15T17:42:47","slug":"tunisie-kebili-un-incendie-dans-une-palmeraie-25-palmiers-dattiers-brules","status":"publish","type":"post","link":"https:\/\/linitiative.ca\/International\/tunisie-kebili-un-incendie-dans-une-palmeraie-25-palmiers-dattiers-brules\/","title":{"rendered":"Tunisie \u2013 Kebili\u00a0: Un incendie dans une palmeraie\u00a0: 25 palmiers dattiers br\u00fbl\u00e9s"},"content":{"rendered":"<div class=\"post-cont-in left relative\">\n<div class=\"swp_social_panel swp_horizontal_panel swp_flat_fresh swp_default_full_color swp_individual_full_color swp_other_full_color scale-100 scale-\" data-min-width=\"1100\" data-float-color=\"#ffffff\" data-float=\"none\" data-float-mobile=\"none\" data-transition=\"slide\">\n<div class=\"nc_tweetContainer swp_share_button total_shares total_sharesalt\"><span class=\"swp_count\">179 <span class=\"swp_label\">Partages<\/span><\/span><\/div>\n<\/div>\n<p>Le directeur r\u00e9gional de la protection civile de K\u00e9bili a annonc\u00e9 qu\u2019un incendie, dont l\u2019origine demeure pour le moment ind\u00e9termin\u00e9e, s\u2019est d\u00e9clar\u00e9 ce samedi, dans une palmeraie de Kebili, d\u00e9truisant 25 palmiers dattiers dont 14 ont \u00e9t\u00e9 compl\u00e8tement consum\u00e9s. Le sinistre s\u2019est \u00e9tendu sur une surface d\u2019un demi-hectare.<\/p>\n<div class=\"mvp-org-wrap mvp-org-logo\" itemprop=\"publisher\" itemscope=\"\" itemtype=\"https:\/\/schema.org\/Organization\"><img decoding=\"async\" src=\"https:\/\/www.tunisienumerique.com\/wp-content\/uploads\/2017\/02\/logo_tunisie_numerique.png\"\/><\/div>\n<div class=\"swp_social_panel swp_horizontal_panel swp_flat_fresh swp_default_full_color swp_individual_full_color swp_other_full_color scale-100 scale-\" data-min-width=\"1100\" data-float-color=\"#ffffff\" data-float=\"none\" data-float-mobile=\"none\" data-transition=\"slide\">\n<div class=\"nc_tweetContainer swp_share_button total_shares total_sharesalt\"><span class=\"swp_count\">179 <span class=\"swp_label\">Partages<\/span><\/span><\/div>\n<\/div>\n<div class=\"mvp-related-posts left relative\">\n<h4 class=\"post-header\"><span class=\"post-header\">Lire aussi<\/span><\/h4>\n<\/div>\n<\/div>\n<p>Auteur: LM<br \/>\n<a href=\"https:\/\/www.tunisienumerique.com\/tunisie-kebili-un-incendie-dans-une-palmeraie-25-palmiers-dattiers-brules\/\">Cliquez ici pour lire l&rsquo;article depuis sa source.<\/a><\/p>\n","protected":false},"excerpt":{"rendered":"<p>179 Partages Le directeur r\u00e9gional de la protection civile de K\u00e9bili a annonc\u00e9 qu\u2019un incendie, dont l\u2019origine demeure pour le moment ind\u00e9termin\u00e9e, s\u2019est d\u00e9clar\u00e9 ce samedi, dans une palmeraie de Kebili, d\u00e9truisant 25 palmiers dattiers dont 14 ont \u00e9t\u00e9 compl\u00e8tement consum\u00e9s. Le sinistre s\u2019est \u00e9tendu sur une surface d\u2019un demi-hectare. 179 Partages Lire aussi Auteur: [&hellip;]<\/p>\n","protected":false},"author":1789,"featured_media":40822,"comment_status":"closed","ping_status":"closed","sticky":false,"template":"","format":"standard","meta":{"fifu_image_url":"","fifu_image_alt":"","footnotes":""},"categories":[73,55],"tags":[],"class_list":["post-40821","post","type-post","status-publish","format-standard","has-post-thumbnail","hentry","category-actualite","category-tunisie"],"_links":{"self":[{"href":"https:\/\/linitiative.ca\/International\/wp-json\/wp\/v2\/posts\/40821","targetHints":{"allow":["GET"]}}],"collection":[{"href":"https:\/\/linitiative.ca\/International\/wp-json\/wp\/v2\/posts"}],"about":[{"href":"https:\/\/linitiative.ca\/International\/wp-json\/wp\/v2\/types\/post"}],"author":[{"embeddable":true,"href":"https:\/\/linitiative.ca\/International\/wp-json\/wp\/v2\/users\/1789"}],"replies":[{"embeddable":true,"href":"https:\/\/linitiative.ca\/International\/wp-json\/wp\/v2\/comments?post=40821"}],"version-history":[{"count":0,"href":"https:\/\/linitiative.ca\/International\/wp-json\/wp\/v2\/posts\/40821\/revisions"}],"wp:featuredmedia":[{"embeddable":true,"href":"https:\/\/linitiative.ca\/International\/wp-json\/"}],"wp:attachment":[{"href":"https:\/\/linitiative.ca\/International\/wp-json\/wp\/v2\/media?parent=40821"}],"wp:term":[{"taxonomy":"category","embeddable":true,"href":"https:\/\/linitiative.ca\/International\/wp-json\/wp\/v2\/categories?post=40821"},{"taxonomy":"post_tag","embeddable":true,"href":"https:\/\/linitiative.ca\/International\/wp-json\/wp\/v2\/tags?post=40821"}],"curies":[{"name":"wp","href":"https:\/\/api.w.org\/{rel}","templated":true}]}}