{"id":40823,"date":"2019-06-15T13:56:21","date_gmt":"2019-06-15T17:56:21","guid":{"rendered":"https:\/\/linitiative.ca\/International\/tunisie-pour-quels-candidats-et-quels-partis-les-tunisiens-ne-vont-pas-voter\/"},"modified":"2019-06-15T13:56:21","modified_gmt":"2019-06-15T17:56:21","slug":"tunisie-pour-quels-candidats-et-quels-partis-les-tunisiens-ne-vont-pas-voter","status":"publish","type":"post","link":"https:\/\/linitiative.ca\/International\/tunisie-pour-quels-candidats-et-quels-partis-les-tunisiens-ne-vont-pas-voter\/","title":{"rendered":"Tunisie \u2013 Pour quels candidats et quels partis les tunisiens ne vont pas voter\u00a0?"},"content":{"rendered":"<div class=\"post-cont-in left relative\">\n<div class=\"swp_social_panel swp_horizontal_panel swp_flat_fresh swp_default_full_color swp_individual_full_color swp_other_full_color scale-100 scale-\" data-min-width=\"1100\" data-float-color=\"#ffffff\" data-float=\"none\" data-float-mobile=\"none\" data-transition=\"slide\">\n<div class=\"nc_tweetContainer swp_share_button total_shares total_sharesalt\"><span class=\"swp_count\">40 <span class=\"swp_label\">Partages<\/span><\/span><\/div>\n<\/div>\n<p>Le dernier sondage d\u2019opinion diffus\u00e9, il y a trois jours par Sigma Conseil, a r\u00e9v\u00e9l\u00e9 les personnalit\u00e9s et les formations politiques pour lesquels les tunisiens ne se voient pas voter.<\/p>\n<p>En t\u00eate des personnalit\u00e9s boud\u00e9es, on trouve l\u2019islamiste Rached Ghannouchi, talonn\u00e9 par le pr\u00e9sident sortant, B\u00e9ji Ca\u00efed Essebsi.<\/p>\n<div class=\"code-block code-block-1 c3\"><ins class=\"adsbygoogle c2\" data-ad-layout=\"in-article\" data-ad-format=\"fluid\" data-ad-client=\"ca-pub-2102118777505746\" data-ad-slot=\"7301775417\"\/> <\/div>\n<p>De m\u00eame, pour les partis politiques, la majorit\u00e9 des personnes questionn\u00e9es ne se voient pas voter pour Ennahdha, viennent ensuite ceux qui vont bouder Nidaa Tounes.<\/p>\n<div class=\"mvp-org-wrap mvp-org-logo\" itemprop=\"publisher\" itemscope=\"\" itemtype=\"https:\/\/schema.org\/Organization\"><img decoding=\"async\" src=\"https:\/\/www.tunisienumerique.com\/wp-content\/uploads\/2017\/02\/logo_tunisie_numerique.png\"\/><\/div>\n<div class=\"swp_social_panel swp_horizontal_panel swp_flat_fresh swp_default_full_color swp_individual_full_color swp_other_full_color scale-100 scale-\" data-min-width=\"1100\" data-float-color=\"#ffffff\" data-float=\"none\" data-float-mobile=\"none\" data-transition=\"slide\">\n<div class=\"nc_tweetContainer swp_share_button total_shares total_sharesalt\"><span class=\"swp_count\">40 <span class=\"swp_label\">Partages<\/span><\/span><\/div>\n<\/div>\n<div class=\"mvp-related-posts left relative\">\n<h4 class=\"post-header\"><span class=\"post-header\">Lire aussi<\/span><\/h4>\n<\/div>\n<\/div>\n<p>Auteur: LM<br \/>\n<a href=\"https:\/\/www.tunisienumerique.com\/tunisie-pour-quels-candidats-et-quels-partis-les-tunisiens-ne-vont-pas-voter\/\">Cliquez ici pour lire l&rsquo;article depuis sa source.<\/a><\/p>\n","protected":false},"excerpt":{"rendered":"<p>40 Partages Le dernier sondage d\u2019opinion diffus\u00e9, il y a trois jours par Sigma Conseil, a r\u00e9v\u00e9l\u00e9 les personnalit\u00e9s et les formations politiques pour lesquels les tunisiens ne se voient pas voter. En t\u00eate des personnalit\u00e9s boud\u00e9es, on trouve l\u2019islamiste Rached Ghannouchi, talonn\u00e9 par le pr\u00e9sident sortant, B\u00e9ji Ca\u00efed Essebsi. De m\u00eame, pour les partis [&hellip;]<\/p>\n","protected":false},"author":1789,"featured_media":40824,"comment_status":"closed","ping_status":"closed","sticky":false,"template":"","format":"standard","meta":{"fifu_image_url":"","fifu_image_alt":"","footnotes":""},"categories":[73,55],"tags":[],"class_list":["post-40823","post","type-post","status-publish","format-standard","has-post-thumbnail","hentry","category-actualite","category-tunisie"],"_links":{"self":[{"href":"https:\/\/linitiative.ca\/International\/wp-json\/wp\/v2\/posts\/40823","targetHints":{"allow":["GET"]}}],"collection":[{"href":"https:\/\/linitiative.ca\/International\/wp-json\/wp\/v2\/posts"}],"about":[{"href":"https:\/\/linitiative.ca\/International\/wp-json\/wp\/v2\/types\/post"}],"author":[{"embeddable":true,"href":"https:\/\/linitiative.ca\/International\/wp-json\/wp\/v2\/users\/1789"}],"replies":[{"embeddable":true,"href":"https:\/\/linitiative.ca\/International\/wp-json\/wp\/v2\/comments?post=40823"}],"version-history":[{"count":0,"href":"https:\/\/linitiative.ca\/International\/wp-json\/wp\/v2\/posts\/40823\/revisions"}],"wp:featuredmedia":[{"embeddable":true,"href":"https:\/\/linitiative.ca\/International\/wp-json\/"}],"wp:attachment":[{"href":"https:\/\/linitiative.ca\/International\/wp-json\/wp\/v2\/media?parent=40823"}],"wp:term":[{"taxonomy":"category","embeddable":true,"href":"https:\/\/linitiative.ca\/International\/wp-json\/wp\/v2\/categories?post=40823"},{"taxonomy":"post_tag","embeddable":true,"href":"https:\/\/linitiative.ca\/International\/wp-json\/wp\/v2\/tags?post=40823"}],"curies":[{"name":"wp","href":"https:\/\/api.w.org\/{rel}","templated":true}]}}