{"id":40825,"date":"2019-06-15T14:04:08","date_gmt":"2019-06-15T18:04:08","guid":{"rendered":"https:\/\/linitiative.ca\/International\/tunisie-hamdi-meddeb-et-wadii-el-jary-chez-le-ministre-de-la-justice\/"},"modified":"2019-06-15T14:04:08","modified_gmt":"2019-06-15T18:04:08","slug":"tunisie-hamdi-meddeb-et-wadii-el-jary-chez-le-ministre-de-la-justice","status":"publish","type":"post","link":"https:\/\/linitiative.ca\/International\/tunisie-hamdi-meddeb-et-wadii-el-jary-chez-le-ministre-de-la-justice\/","title":{"rendered":"Tunisie \u2013 Hamdi Meddeb et Wadii El Jary chez le ministre de la Justice"},"content":{"rendered":"<div class=\"post-cont-in left relative\">\n<div class=\"swp_social_panel swp_horizontal_panel swp_flat_fresh swp_default_full_color swp_individual_full_color swp_other_full_color scale-100 scale-\" data-min-width=\"1100\" data-float-color=\"#ffffff\" data-float=\"none\" data-float-mobile=\"none\" data-transition=\"slide\">\n<div class=\"nc_tweetContainer swp_share_button total_shares total_sharesalt\"><span class=\"swp_count\">10 <span class=\"swp_label\">Partages<\/span><\/span><\/div>\n<\/div>\n<p>Le ministre de la Justice, Mohamed Karim Jammoussi a re\u00e7u, ce samedi, le pr\u00e9sident du club de l\u2019Esp\u00e9rance Sportive de Tunis, ainsi que celui de la f\u00e9d\u00e9ration tunisienne de football.<\/p>\n<p>L\u2019entretien a port\u00e9 sur la riposte qu\u2019ont pr\u00e9par\u00e9e les deux parties, pour faire appel de la d\u00e9cision de la CAF concernant le r\u00e9sultat du match retour de la finale de la coupe d\u2019Afrique contre Al Widad de Casablanca.<\/p>\n<div class=\"code-block code-block-1 c3\"><ins class=\"adsbygoogle c2\" data-ad-layout=\"in-article\" data-ad-format=\"fluid\" data-ad-client=\"ca-pub-2102118777505746\" data-ad-slot=\"7301775417\"\/> <\/div>\n<p>Le ministre a r\u00e9it\u00e9r\u00e9 le soutien du gouvernement et de l\u2019Etat \u00e0 l\u2019EST, ainsi qu\u2019\u00e0 toutes les \u00e9quipes tunisiennes qui repr\u00e9sentent le pays, lors des comp\u00e9titions internationales.<\/p>\n<div class=\"mvp-org-wrap mvp-org-logo\" itemprop=\"publisher\" itemscope=\"\" itemtype=\"https:\/\/schema.org\/Organization\"><img decoding=\"async\" src=\"https:\/\/www.tunisienumerique.com\/wp-content\/uploads\/2017\/02\/logo_tunisie_numerique.png\"\/><\/div>\n<div class=\"swp_social_panel swp_horizontal_panel swp_flat_fresh swp_default_full_color swp_individual_full_color swp_other_full_color scale-100 scale-\" data-min-width=\"1100\" data-float-color=\"#ffffff\" data-float=\"none\" data-float-mobile=\"none\" data-transition=\"slide\">\n<div class=\"nc_tweetContainer swp_share_button total_shares total_sharesalt\"><span class=\"swp_count\">10 <span class=\"swp_label\">Partages<\/span><\/span><\/div>\n<\/div>\n<div class=\"mvp-related-posts left relative\">\n<h4 class=\"post-header\"><span class=\"post-header\">Lire aussi<\/span><\/h4>\n<\/div>\n<\/div>\n<p>Auteur: LM<br \/>\n<a href=\"https:\/\/www.tunisienumerique.com\/tunisie-hamdi-meddeb-et-wadii-el-jary-chez-le-ministre-de-la-justice\/\">Cliquez ici pour lire l&rsquo;article depuis sa source.<\/a><\/p>\n","protected":false},"excerpt":{"rendered":"<p>10 Partages Le ministre de la Justice, Mohamed Karim Jammoussi a re\u00e7u, ce samedi, le pr\u00e9sident du club de l\u2019Esp\u00e9rance Sportive de Tunis, ainsi que celui de la f\u00e9d\u00e9ration tunisienne de football. L\u2019entretien a port\u00e9 sur la riposte qu\u2019ont pr\u00e9par\u00e9e les deux parties, pour faire appel de la d\u00e9cision de la CAF concernant le r\u00e9sultat [&hellip;]<\/p>\n","protected":false},"author":1789,"featured_media":40826,"comment_status":"closed","ping_status":"closed","sticky":false,"template":"","format":"standard","meta":{"fifu_image_url":"","fifu_image_alt":"","footnotes":""},"categories":[73,55],"tags":[],"class_list":["post-40825","post","type-post","status-publish","format-standard","has-post-thumbnail","hentry","category-actualite","category-tunisie"],"_links":{"self":[{"href":"https:\/\/linitiative.ca\/International\/wp-json\/wp\/v2\/posts\/40825","targetHints":{"allow":["GET"]}}],"collection":[{"href":"https:\/\/linitiative.ca\/International\/wp-json\/wp\/v2\/posts"}],"about":[{"href":"https:\/\/linitiative.ca\/International\/wp-json\/wp\/v2\/types\/post"}],"author":[{"embeddable":true,"href":"https:\/\/linitiative.ca\/International\/wp-json\/wp\/v2\/users\/1789"}],"replies":[{"embeddable":true,"href":"https:\/\/linitiative.ca\/International\/wp-json\/wp\/v2\/comments?post=40825"}],"version-history":[{"count":0,"href":"https:\/\/linitiative.ca\/International\/wp-json\/wp\/v2\/posts\/40825\/revisions"}],"wp:featuredmedia":[{"embeddable":true,"href":"https:\/\/linitiative.ca\/International\/wp-json\/"}],"wp:attachment":[{"href":"https:\/\/linitiative.ca\/International\/wp-json\/wp\/v2\/media?parent=40825"}],"wp:term":[{"taxonomy":"category","embeddable":true,"href":"https:\/\/linitiative.ca\/International\/wp-json\/wp\/v2\/categories?post=40825"},{"taxonomy":"post_tag","embeddable":true,"href":"https:\/\/linitiative.ca\/International\/wp-json\/wp\/v2\/tags?post=40825"}],"curies":[{"name":"wp","href":"https:\/\/api.w.org\/{rel}","templated":true}]}}