{"id":40827,"date":"2019-06-15T14:20:31","date_gmt":"2019-06-15T18:20:31","guid":{"rendered":"https:\/\/linitiative.ca\/International\/tunisie-video-sami-fehri-pretend-avoir-achete-49-des-parts-dattassiaa-la-direction-de-celle-ci-dement\/"},"modified":"2019-06-15T14:20:31","modified_gmt":"2019-06-15T18:20:31","slug":"tunisie-video-sami-fehri-pretend-avoir-achete-49-des-parts-dattassiaa-la-direction-de-celle-ci-dement","status":"publish","type":"post","link":"https:\/\/linitiative.ca\/International\/tunisie-video-sami-fehri-pretend-avoir-achete-49-des-parts-dattassiaa-la-direction-de-celle-ci-dement\/","title":{"rendered":"Tunisie \u2013 VIDEO\u00a0: Sami Fehri pr\u00e9tend avoir achet\u00e9 49% des parts d\u2019Attassiaa\u2026 La direction de celle-ci d\u00e9ment"},"content":{"rendered":"<div class=\"post-cont-in left relative\">\n<div class=\"swp_social_panel swp_horizontal_panel swp_flat_fresh swp_default_full_color swp_individual_full_color swp_other_full_color scale-100 scale-\" data-min-width=\"1100\" data-float-color=\"#ffffff\" data-float=\"none\" data-float-mobile=\"none\" data-transition=\"slide\">\n<div class=\"nc_tweetContainer swp_share_button total_shares total_sharesalt\"><span class=\"swp_count\">21 <span class=\"swp_label\">Partages<\/span><\/span><\/div>\n<\/div>\n<p>Sami Fehri, propri\u00e9taire de la cha\u00eene Al Hiwar Attounissi, a annonc\u00e9 sur de nombreux supports et notamment,\u00a0via les pages des r\u00e9seaux sociaux, qu\u2019il vient de proposer une offre pour le rachat de 49% des parts de la cha\u00eene Attassiaa, aupr\u00e8s de Lotfi Charfeddine, le fr\u00e8re du d\u00e9put\u00e9 Ridha Charfeddine. Il a ajout\u00e9 que l\u2019op\u00e9ration sera finalis\u00e9e ce lundi.<\/p>\n<p>Pour sa part, la direction de la cha\u00eene en question a d\u00e9menti cette information, appelant Sami Fehri \u00e0 arr\u00eater son \u00ab\u00a0cirque\u00a0\u00bb sur les r\u00e9seaux sociaux et assurant que son offre n\u2019a pas encore \u00e9t\u00e9 valid\u00e9e par le conseil d\u2019administration, ajoutant que cette\u00a0soumission concerne les parts d\u2019actionnaires minoritaires et que la direction dispose de nombreuses autres propositions pour ces parts et qu\u2019elle envisagerait m\u00eame, de racheter elle-m\u00eame ces parts.<\/p>\n<div class=\"code-block code-block-1 c4\"><ins class=\"adsbygoogle c3\" data-ad-layout=\"in-article\" data-ad-format=\"fluid\" data-ad-client=\"ca-pub-2102118777505746\" data-ad-slot=\"7301775417\"\/> <\/div>\n<p>La direction de la cha\u00eene a ajout\u00e9 que le conseil d\u2019administration pr\u00e9f\u00e8rerait vendre \u00e0 des parties qui ne font pas l\u2019objet de poursuites judiciaires ou de mesures de confiscation, ajoutant qu\u2019elle remercie Sami Fehri pour son int\u00e9r\u00eat \u00e0 la cha\u00eene et lui renouvelle son offre de l\u2019accepter dans son \u00e9quipe en tant qu\u2019animateur d\u2019\u00e9missions.<\/p>\n<p><img loading=\"lazy\" decoding=\"async\" class=\"aligncenter size-full wp-image-441430\" src=\"https:\/\/www.tunisienumerique.com\/wp-content\/uploads\/2019\/06\/9.jpg\" alt=\"\" width=\"525\" height=\"464\"\/><\/p>\n<div class=\"mvp-org-wrap mvp-org-logo\" itemprop=\"publisher\" itemscope=\"\" itemtype=\"https:\/\/schema.org\/Organization\"><img decoding=\"async\" src=\"https:\/\/www.tunisienumerique.com\/wp-content\/uploads\/2017\/02\/logo_tunisie_numerique.png\"\/><\/div>\n<div class=\"swp_social_panel swp_horizontal_panel swp_flat_fresh swp_default_full_color swp_individual_full_color swp_other_full_color scale-100 scale-\" data-min-width=\"1100\" data-float-color=\"#ffffff\" data-float=\"none\" data-float-mobile=\"none\" data-transition=\"slide\">\n<div class=\"nc_tweetContainer swp_share_button total_shares total_sharesalt\"><span class=\"swp_count\">21 <span class=\"swp_label\">Partages<\/span><\/span><\/div>\n<\/div>\n<div class=\"mvp-related-posts left relative\">\n<h4 class=\"post-header\"><span class=\"post-header\">Lire aussi<\/span><\/h4>\n<\/div>\n<\/div>\n<p>Auteur: LM<br \/>\n<a href=\"https:\/\/www.tunisienumerique.com\/tunisie-video-sami-fehri-pretend-avoir-achete-49-des-parts-dattassiaa-la-direction-de-celle-ci-dement\/\">Cliquez ici pour lire l&rsquo;article depuis sa source.<\/a><\/p>\n","protected":false},"excerpt":{"rendered":"<p>21 Partages Sami Fehri, propri\u00e9taire de la cha\u00eene Al Hiwar Attounissi, a annonc\u00e9 sur de nombreux supports et notamment,\u00a0via les pages des r\u00e9seaux sociaux, qu\u2019il vient de proposer une offre pour le rachat de 49% des parts de la cha\u00eene Attassiaa, aupr\u00e8s de Lotfi Charfeddine, le fr\u00e8re du d\u00e9put\u00e9 Ridha Charfeddine. Il a ajout\u00e9 que [&hellip;]<\/p>\n","protected":false},"author":1789,"featured_media":40828,"comment_status":"closed","ping_status":"closed","sticky":false,"template":"","format":"standard","meta":{"fifu_image_url":"","fifu_image_alt":"","footnotes":""},"categories":[73,55],"tags":[],"class_list":["post-40827","post","type-post","status-publish","format-standard","has-post-thumbnail","hentry","category-actualite","category-tunisie"],"_links":{"self":[{"href":"https:\/\/linitiative.ca\/International\/wp-json\/wp\/v2\/posts\/40827","targetHints":{"allow":["GET"]}}],"collection":[{"href":"https:\/\/linitiative.ca\/International\/wp-json\/wp\/v2\/posts"}],"about":[{"href":"https:\/\/linitiative.ca\/International\/wp-json\/wp\/v2\/types\/post"}],"author":[{"embeddable":true,"href":"https:\/\/linitiative.ca\/International\/wp-json\/wp\/v2\/users\/1789"}],"replies":[{"embeddable":true,"href":"https:\/\/linitiative.ca\/International\/wp-json\/wp\/v2\/comments?post=40827"}],"version-history":[{"count":0,"href":"https:\/\/linitiative.ca\/International\/wp-json\/wp\/v2\/posts\/40827\/revisions"}],"wp:featuredmedia":[{"embeddable":true,"href":"https:\/\/linitiative.ca\/International\/wp-json\/"}],"wp:attachment":[{"href":"https:\/\/linitiative.ca\/International\/wp-json\/wp\/v2\/media?parent=40827"}],"wp:term":[{"taxonomy":"category","embeddable":true,"href":"https:\/\/linitiative.ca\/International\/wp-json\/wp\/v2\/categories?post=40827"},{"taxonomy":"post_tag","embeddable":true,"href":"https:\/\/linitiative.ca\/International\/wp-json\/wp\/v2\/tags?post=40827"}],"curies":[{"name":"wp","href":"https:\/\/api.w.org\/{rel}","templated":true}]}}