{"id":40838,"date":"2019-06-15T13:50:02","date_gmt":"2019-06-15T17:50:02","guid":{"rendered":"https:\/\/linitiative.ca\/International\/le-monde-de-la-culture-pleure-le-maestro-franco-zeffirelli-mort-a-96-ans\/"},"modified":"2019-06-15T13:50:02","modified_gmt":"2019-06-15T17:50:02","slug":"le-monde-de-la-culture-pleure-le-maestro-franco-zeffirelli-mort-a-96-ans","status":"publish","type":"post","link":"https:\/\/linitiative.ca\/International\/le-monde-de-la-culture-pleure-le-maestro-franco-zeffirelli-mort-a-96-ans\/","title":{"rendered":"Le monde de la culture pleure le maestro Franco Zeffirelli, mort \u00e0 96 ans"},"content":{"rendered":"<div readability=\"32\">\n<p>Publi\u00e9 le 15.06.2019 \u00e0 18h50 par AFP<\/p>\n<\/div>\n<div readability=\"149\">\n<p>Le r\u00e9alisateur italien Franco Zeffirelli est mort samedi \u00e0 l\u2019\u00e2ge de 96 ans dans sa r\u00e9sidence de Rome, suscitant une vague d\u2019\u00e9motion dans sa ville natale de Florence mais aussi dans le milieu du cin\u00e9ma et de la culture dont il \u00e9tait une figure marquante.<\/p>\n<p>Franco Zeffirelli \u00ab\u00a0s\u2019est \u00e9teint sereinement apr\u00e8s une longue maladie, qui s\u2019\u00e9tait aggrav\u00e9e ces derniers mois\u00a0\u00bb, ont annonc\u00e9 les m\u00e9dias italiens, citant des sources dans la famille du cin\u00e9aste.<\/p>\n<p>\u00ab\u00a0La mort de Franco Zeffirelli laisse un grand vide dans le monde du spectacle et de la culture italienne et internationale\u00a0\u00bb, a d\u00e9clar\u00e9 le pr\u00e9sident de la R\u00e9publique italienne, Sergio Mattarella, qui a salu\u00e9 dans un communiqu\u00e9 \u00ab\u00a0le talent extraordinaire et la profonde sensibilit\u00e9 esth\u00e9tique\u00a0\u00bb du cin\u00e9aste.<\/p>\n<p>\u00ab\u00a0Profonde \u00e9motion pour la disparition du ma\u00eetre Franco Zeffirelli. Ambassadeur italien du cin\u00e9ma, de l\u2019art et de la beaut\u00e9. Un grand cin\u00e9aste, sc\u00e9nariste, sc\u00e9nographe. Un grand homme de culture\u00a0\u00bb, a twitt\u00e9 le chef du gouvernement italien Giuseppe Conte.<\/p>\n<p>\u00ab\u00a0Je n\u2019aurais jamais voulu que ce jour arrive. Franco Zeffirelli est parti ce matin. Un des plus grands hommes de la culture mondiale. Nous nous joignons \u00e0 la douleur de ses proches. Adieu, cher Ma\u00eetre, Florence ne t\u2019oubliera jamais\u00a0\u00bb, a \u00e9crit pour sa part Dario Nardella, le maire de Florence.<\/p>\n<p>D\u00e8s l\u2019annonce de sa mort, les m\u00e9dias du monde entier ont tenu \u00e0 rendre hommage au r\u00e9alisateur de l\u00e9gende. La BBC rappelle qu\u2019il avait dirig\u00e9 des stars comme Elizabeth Taylor et Maria Callas et les grandes sc\u00e8nes italiennes, de la Scala de Milan \u00e0 la Fenice de Venise font part de leur \u00e9motion sur leur compte Twitter.<\/p>\n<p>Franco Zeffirelli est mort samedi dans sa maison \u00e0 Rome, sur l\u2019Appia Antica, assist\u00e9 de ses fils adoptifs Pippo et Luciano, d\u2019un m\u00e9decin et du cur\u00e9 de l\u2019\u00e9glise San Tarcisio.<\/p>\n<p>Il y a environ une semaine, lui qui souffrait depuis longtemps d\u2019une pneumonie, avait re\u00e7u les derniers sacrements, rapportent les m\u00e9dias italiens citant la famille.<\/p>\n<p>Franco Zeffirelli, apr\u00e8s les fun\u00e9railles dont la date et le lieu restent \u00e0 d\u00e9finir, reposera dans le cimeti\u00e8re des Portes Saintes de Florence.<\/p>\n<p>\u2013 Le salut de \u2018sa Florence\u2019 \u2013<\/p>\n<p>Contrairement \u00e0 ce qu\u2019avait annonc\u00e9 sa famille dans la matin\u00e9e, la chapelle ardente ne sera pas install\u00e9e lundi \u00e0 Rome mais dans la c\u00e9l\u00e8bre salle des Cinq-Cents du Palazzo Vecchio de Florence. \u00ab\u00a0Tout le monde pourra le saluer dans sa Florence\u00a0\u00bb, a pr\u00e9cis\u00e9 le maire de la capitale toscane, Dario Nardella.<\/p>\n<p>Profond\u00e9ment attach\u00e9 \u00e0 sa ville natale, Franco Zeffirelli avait r\u00e9alis\u00e9 en 1966 le film-documentaire \u00ab\u00a0Per Firenze\u00a0\u00bb (\u00ab\u00a0Pour Florence\u00a0\u00bb) dans lequel il d\u00e9crivait avec \u00e9motion l\u2019inondation historique qui avait frapp\u00e9 la cit\u00e9 la m\u00eame ann\u00e9e et qui avait d\u00e9t\u00e9rior\u00e9 nombre de ses richesses artistiques.<\/p>\n<p>Ce film pour lequel l\u2019acteur Richard Burton avait pr\u00eat\u00e9 sa voix avait permis de recueillir vingt millions de dollars pour les travaux de restauration et de reconstruction.<\/p>\n<p>Franco Zeffirelli avait aussi install\u00e9 dans le centre historique de Florence sa fondation dont il voulait qu\u2019elle rende son oeuvre accessible au plus grand nombre.<\/p>\n<p>\u2013 Bient\u00f4t une \u00ab\u00a0Traviata\u00a0\u00bb \u2013<\/p>\n<p>Dans cette espace baroque de 4.000 m\u00e8tres carr\u00e9s, que lui avait offert la ville pour ses 92 ans, le maestro avait entrepos\u00e9 ses innombrables collections: des milliers de croquis, \u00e9preuves pr\u00e9paratoires pour ses somptueux d\u00e9cors d\u2019op\u00e9ra, affichettes de la vingtaine de films qu\u2019il a tourn\u00e9s au cours de sa longue carri\u00e8re. Il a \u00e9galement mis en sc\u00e8ne plus d\u2019une trentaine de pi\u00e8ces de th\u00e9\u00e2tre et d\u2019op\u00e9ras.<\/p>\n<p>Une pr\u00e9cieuse biblioth\u00e8que y contenait plus de 10.000 volumes consacr\u00e9s \u00e0 l\u2019art, l\u2019histoire, la litt\u00e9rature et le spectacle.<\/p>\n<p>Anobli par la reine d\u2019Angleterre (le seul en Italie dans de cas) pour son travail d\u2019adaptation \u00e0 l\u2019\u00e9cran des \u0153uvres de William Shakespeare, il avait re\u00e7u quatre nominations aux Oscars pour \u00ab\u00a0Rom\u00e9o et Juliette\u00a0\u00bb, son plus grand succ\u00e8s, qui remportera en 1969 deux statuettes hollywoodiennes, pour la meilleure photographie et les meilleurs costumes.<\/p>\n<p>La derni\u00e8re \u0153uvre du metteur en sc\u00e8ne, un r\u00eave nourri depuis plus de dix ans, aura \u00e9t\u00e9 la mise en sc\u00e8ne d\u2019une nouvelle \u00ab\u00a0Traviata\u00a0\u00bb qui ouvrira la saison du festival d\u2019op\u00e9ra dans les Ar\u00e8nes du V\u00e9rone le 21 juin.<\/p>\n<p>A 96 ans, il projetait encore un \u00ab\u00a0Rigoletto\u00a0\u00bb dont les d\u00e9buts \u00e9taient pr\u00e9vus pour le 17 septembre 2020 au sultanat d\u2019Oman, avec l\u2019Op\u00e9ra Royal de Mascate.<\/p>\n<\/div>\n<p>Auteur: AFP<br \/>\n<a href=\"https:\/\/www.journalducameroun.com\/le-monde-de-la-culture-pleure-le-maestro-franco-zeffirelli-mort-a-96-ans\/\">Cliquez ici pour lire l&rsquo;article depuis sa source.<\/a><\/p>\n","protected":false},"excerpt":{"rendered":"<p>Publi\u00e9 le 15.06.2019 \u00e0 18h50 par AFP Le r\u00e9alisateur italien Franco Zeffirelli est mort samedi \u00e0 l\u2019\u00e2ge de 96 ans dans sa r\u00e9sidence de Rome, suscitant une vague d\u2019\u00e9motion dans sa ville natale de Florence mais aussi dans le milieu du cin\u00e9ma et de la culture dont il \u00e9tait une figure marquante. Franco Zeffirelli \u00ab\u00a0s\u2019est [&hellip;]<\/p>\n","protected":false},"author":1965,"featured_media":0,"comment_status":"closed","ping_status":"closed","sticky":false,"template":"","format":"standard","meta":{"fifu_image_url":"","fifu_image_alt":"","footnotes":""},"categories":[73,82],"tags":[],"class_list":["post-40838","post","type-post","status-publish","format-standard","hentry","category-actualite","category-cameroun"],"_links":{"self":[{"href":"https:\/\/linitiative.ca\/International\/wp-json\/wp\/v2\/posts\/40838","targetHints":{"allow":["GET"]}}],"collection":[{"href":"https:\/\/linitiative.ca\/International\/wp-json\/wp\/v2\/posts"}],"about":[{"href":"https:\/\/linitiative.ca\/International\/wp-json\/wp\/v2\/types\/post"}],"author":[{"embeddable":true,"href":"https:\/\/linitiative.ca\/International\/wp-json\/wp\/v2\/users\/1965"}],"replies":[{"embeddable":true,"href":"https:\/\/linitiative.ca\/International\/wp-json\/wp\/v2\/comments?post=40838"}],"version-history":[{"count":0,"href":"https:\/\/linitiative.ca\/International\/wp-json\/wp\/v2\/posts\/40838\/revisions"}],"wp:attachment":[{"href":"https:\/\/linitiative.ca\/International\/wp-json\/wp\/v2\/media?parent=40838"}],"wp:term":[{"taxonomy":"category","embeddable":true,"href":"https:\/\/linitiative.ca\/International\/wp-json\/wp\/v2\/categories?post=40838"},{"taxonomy":"post_tag","embeddable":true,"href":"https:\/\/linitiative.ca\/International\/wp-json\/wp\/v2\/tags?post=40838"}],"curies":[{"name":"wp","href":"https:\/\/api.w.org\/{rel}","templated":true}]}}