{"id":40839,"date":"2019-06-15T14:18:04","date_gmt":"2019-06-15T18:18:04","guid":{"rendered":"https:\/\/linitiative.ca\/International\/un-observatoire-electoral-detecte-des-violations-en-mauritanie\/"},"modified":"2019-06-15T14:18:04","modified_gmt":"2019-06-15T18:18:04","slug":"un-observatoire-electoral-detecte-des-violations-en-mauritanie","status":"publish","type":"post","link":"https:\/\/linitiative.ca\/International\/un-observatoire-electoral-detecte-des-violations-en-mauritanie\/","title":{"rendered":"Un observatoire \u00e9lectoral d\u00e9tecte des violations en Mauritanie"},"content":{"rendered":"<div readability=\"32\">\n<p>Publi\u00e9 le 15.06.2019 \u00e0 19h18 par APA News<\/p>\n<\/div>\n<div readability=\"64\">\n<p>L\u2019Observatoire \u00e9lectoral relevant de l\u2019organisation Pour la Mauritanie a indiqu\u00e9 avoir d\u00e9tect\u00e9 un certain nombre de violations au cours de la premi\u00e8re semaine de la campagne \u00e9lectorale pour le scrutin pr\u00e9sidentiel du 22 juin 2019.La premi\u00e8re de ces violations est la participation personnelle du pr\u00e9sident sortant, Mohamed Ould Abdel Aziz en faveur de l\u2019un des 6 candidats, en l\u2019occurrence l\u2019ex ministre de la D\u00e9fense, Mohamed Ould Ghazouani, lors de l\u2019ouverture de la campagne \u00e0 Nouadhibou, a dit l\u2019Observatoire dans un communiqu\u00e9.<\/p>\n<p>Une circulaire du premier ministre a accord\u00e9 une autorisation \u00e9lectorale automatique de plus de 6 mois \u00e0 tous les fonctionnaires, a poursuivi le communiqu\u00e9 rendu public samedi \u00e0 Nouakchott.<\/p>\n<p>Le texte a soulign\u00e9 que cette circulaire signifie la paralysie de l\u2019ensemble de l\u2019administration, y compris les institutions p\u00e9dagogiques.<\/p>\n<p>Il n\u2019est pas normal que l\u2019administration s\u2019arr\u00eate \u00e0 l\u2019occasion de chaque \u00e9ch\u00e9ance \u00e9lectorale, a d\u00e9plor\u00e9 l\u2019observatoire, d\u00e9non\u00e7ant le fait que cette administration, notamment les services centraux et les minist\u00e8res, appuient automatiquement le candidat soutenu par le pouvoir.<\/p>\n<p>Le communiqu\u00e9 a en outre dit avoir not\u00e9 l\u2019utilisation des \u00e9quipements relevant de l\u2019administration, des \u00e9tablissements publics et des forces de s\u00e9curit\u00e9 entrain d\u2019exercer des missions de campagne.<\/p>\n<p>Il a par ailleurs d\u00e9nonc\u00e9 les violations r\u00e9p\u00e9t\u00e9es de certains candidats de la charte d\u2019honneur qu\u2019ils ont sign\u00e9e et qui stipule l\u2019interdiction d\u2019attiser les tendances tribales.<\/p>\n<\/div>\n<p>Auteur: APA News<br \/>\n<a href=\"https:\/\/www.journalducameroun.com\/un-observatoire-electoral-detecte-des-violations-en-mauritanie\/\">Cliquez ici pour lire l&rsquo;article depuis sa source.<\/a><\/p>\n","protected":false},"excerpt":{"rendered":"<p>Publi\u00e9 le 15.06.2019 \u00e0 19h18 par APA News L\u2019Observatoire \u00e9lectoral relevant de l\u2019organisation Pour la Mauritanie a indiqu\u00e9 avoir d\u00e9tect\u00e9 un certain nombre de violations au cours de la premi\u00e8re semaine de la campagne \u00e9lectorale pour le scrutin pr\u00e9sidentiel du 22 juin 2019.La premi\u00e8re de ces violations est la participation personnelle du pr\u00e9sident sortant, Mohamed [&hellip;]<\/p>\n","protected":false},"author":1965,"featured_media":0,"comment_status":"closed","ping_status":"closed","sticky":false,"template":"","format":"standard","meta":{"fifu_image_url":"","fifu_image_alt":"","footnotes":""},"categories":[73,82],"tags":[],"class_list":["post-40839","post","type-post","status-publish","format-standard","hentry","category-actualite","category-cameroun"],"_links":{"self":[{"href":"https:\/\/linitiative.ca\/International\/wp-json\/wp\/v2\/posts\/40839","targetHints":{"allow":["GET"]}}],"collection":[{"href":"https:\/\/linitiative.ca\/International\/wp-json\/wp\/v2\/posts"}],"about":[{"href":"https:\/\/linitiative.ca\/International\/wp-json\/wp\/v2\/types\/post"}],"author":[{"embeddable":true,"href":"https:\/\/linitiative.ca\/International\/wp-json\/wp\/v2\/users\/1965"}],"replies":[{"embeddable":true,"href":"https:\/\/linitiative.ca\/International\/wp-json\/wp\/v2\/comments?post=40839"}],"version-history":[{"count":0,"href":"https:\/\/linitiative.ca\/International\/wp-json\/wp\/v2\/posts\/40839\/revisions"}],"wp:attachment":[{"href":"https:\/\/linitiative.ca\/International\/wp-json\/wp\/v2\/media?parent=40839"}],"wp:term":[{"taxonomy":"category","embeddable":true,"href":"https:\/\/linitiative.ca\/International\/wp-json\/wp\/v2\/categories?post=40839"},{"taxonomy":"post_tag","embeddable":true,"href":"https:\/\/linitiative.ca\/International\/wp-json\/wp\/v2\/tags?post=40839"}],"curies":[{"name":"wp","href":"https:\/\/api.w.org\/{rel}","templated":true}]}}