{"id":40841,"date":"2019-06-15T14:50:01","date_gmt":"2019-06-15T18:50:01","guid":{"rendered":"https:\/\/linitiative.ca\/International\/panique-totale-dans-le-centre-du-benin-au-moins-deux-opposants-tues-30-policiers-blesses\/"},"modified":"2019-06-15T14:50:01","modified_gmt":"2019-06-15T18:50:01","slug":"panique-totale-dans-le-centre-du-benin-au-moins-deux-opposants-tues-30-policiers-blesses","status":"publish","type":"post","link":"https:\/\/linitiative.ca\/International\/panique-totale-dans-le-centre-du-benin-au-moins-deux-opposants-tues-30-policiers-blesses\/","title":{"rendered":"\u00ab\u00a0Panique totale\u00a0\u00bb dans le centre du B\u00e9nin: au moins deux opposants tu\u00e9s, 30 policiers bless\u00e9s"},"content":{"rendered":"<div readability=\"32\">\n<p>Publi\u00e9 le 15.06.2019 \u00e0 19h50 par AFP<\/p>\n<\/div>\n<div readability=\"157\">\n<p>Plusieurs civils ont \u00e9t\u00e9 tu\u00e9s par balles et une trentaine de policiers ont \u00e9t\u00e9 bless\u00e9s, dans les violences qui provoquent \u00ab\u00a0une panique totale\u00a0\u00bb dans le centre du B\u00e9nin depuis cinq jours, sur fond de rivalit\u00e9 entre l\u2019actuel pr\u00e9sident Patrice Talon et son pr\u00e9decesseur Thomas Boni Yayi.<\/p>\n<p>Au moins deux personnes ont \u00e9t\u00e9 tu\u00e9es samedi \u00e0 Sav\u00e8, dans le centre du B\u00e9nin, alors que les forces de s\u00e9curit\u00e9 tentaient de d\u00e9loger les opposants, mais on craint d\u2019autres morts \u00e0 Tchaourou, commune d\u2019origine de l\u2019ancien chef de l\u2019Etat Boni Yayi, un peu plus au nord.<\/p>\n<p>Les violences ont \u00e9clat\u00e9 d\u00e8s mardi \u00e0 Tchaourou apr\u00e8s l\u2019arrestation de deux personnes, accus\u00e9es de violences \u00e9lectorales lors des l\u00e9gislatives du 28 avril dernier.<\/p>\n<p>Les populations, qui se sont soulev\u00e9es contre ce qu\u2019elles qualifiaient \u00ab\u00a0d\u2019arrestations arbitraires\u00a0\u00bb, ont bloqu\u00e9 la route nationale, art\u00e8re \u00e9conomique de ce petit pays d\u2019Afrique de l\u2019Ouest.<\/p>\n<p>Apr\u00e8s des jours d\u2019affrontements entre opposants arm\u00e9s (appel\u00e9s \u00ab\u00a0chasseurs\u00a0\u00bb) et forces de l\u2019ordre, le ministre de l\u2019Int\u00e9rieur, Sacca Lafia a annonc\u00e9 vendredi qu\u2019une trentaine de policiers avaient \u00e9t\u00e9 bless\u00e9s par des tirs de fusils artisanaux ou \u00e0 l\u2019arme blanche, sans donner de bilan du c\u00f4t\u00e9 des civils.<\/p>\n<p>\u2013 Echanges de tirs \u2013<\/p>\n<p>Les rares habitants de Tchaourou, qui n\u2019ont pas fui vers les campagnes et que l\u2019AFP a pu contacter, ont fait \u00e9tat de \u00ab\u00a0plusieurs morts par balles\u00a0\u00bb et de bless\u00e9s graves, sans pouvoir donner de bilan pr\u00e9cis.<\/p>\n<p>Les violences se sont ensuite propag\u00e9es jeudi \u00e0 Sav\u00e8, \u00e0 une centaine de kilom\u00e8tres plus au sud, lorsque les populations ont voulu emp\u00eacher le passage d\u2019un contingent de la police allant en direction de Tchaourou.<\/p>\n<p>La journ\u00e9e de vendredi a \u00e9t\u00e9 tr\u00e8s tendue et \u00ab\u00a0il y a eu \u00e0 nouveau des \u00e9changes de tirs entre policiers et des individus masqu\u00e9s samedi matin\u00a0\u00bb, a affirm\u00e9 le maire de Sav\u00e8, Timoth\u00e9e Biaou. \u00ab\u00a0Sept civils ont \u00e9t\u00e9 re\u00e7us \u00e0 l\u2019h\u00f4pital et il y a aussi eu deux morts\u00a0\u00bb.<\/p>\n<p>\u00ab\u00a0Samedi matin, il y a eu deux morts: le premier vers 10h00, c\u2019\u00e9tait un taxi-moto, et le deuxi\u00e8me c\u2019\u00e9tait un adolescent, qui \u00e9tait all\u00e9 faire une course\u00a0\u00bb, a expliqu\u00e9 un t\u00e9moin de la sc\u00e8ne \u00e0 l\u2019AFP.<\/p>\n<p>\u00ab\u00a0La route a \u00e9t\u00e9 d\u00e9bloqu\u00e9e, mais c\u2019est la panique totale. Beaucoup de gens ont fui, les autres restent chez eux\u00a0\u00bb, a ajout\u00e9 ce t\u00e9moin sous couvert de l\u2019anonymat.<\/p>\n<p>\u2013 Rues d\u00e9sertes \u2013<\/p>\n<p>Dans cette commune moyenne du centre du B\u00e9nin, les rues \u00e9taient d\u00e9sertes, le march\u00e9 vide, boutiques et commerces ferm\u00e9s, ont rapport\u00e9 des journalistes de l\u2019AFP. La route a finalement \u00e9t\u00e9 rouverte en fin de journ\u00e9e, samedi, mais les acc\u00e8s restaient \u00ab\u00a0min\u00e9s de f\u00e9tiches vaudous\u00a0\u00bb.<\/p>\n<p>Le calme restait tr\u00e8s pr\u00e9caire et peu avant midi, le dispositif militaire dans la ville a \u00e9t\u00e9 renforc\u00e9 par une dizaine de v\u00e9hicules blind\u00e9s de l\u2019arm\u00e9e, trois chars et des dizaines d\u2019hommes arm\u00e9s, a rapport\u00e9 l\u2019AFP.<\/p>\n<p>Cette r\u00e9gion est un bastion de l\u2019ancien pr\u00e9sident Boni Yayi, dont le domicile \u00e0 Cotonou est toujours encercl\u00e9 par les forces de l\u2019ordre depuis les manifestations post-\u00e9lectorales des 1er et 2 mai.<\/p>\n<p>Au lendemain des \u00e9lections l\u00e9gislatives, que l\u2019ex-pr\u00e9sident avait qualifi\u00e9es de \u00ab\u00a0coup d\u2019Etat \u00e9lectoral\u00a0\u00bb, des centaines de ses partisans \u00e9taient descendus dans les rue de Cotonou, craignant qu\u2019il ne se fasse arr\u00eater.<\/p>\n<p>\u2013 \u2018Assassinat politique\u2019 \u2013<\/p>\n<p>Ils avaient \u00e9t\u00e9 d\u00e9log\u00e9s \u00e0 coups de balles r\u00e9elles et Boni Yayi est toujours \u00ab\u00a0s\u00e9questr\u00e9\u00a0\u00bb dans sa r\u00e9sidence, ont d\u00e9nonc\u00e9 samedi ses avocats lors d\u2019une conf\u00e9rence de presse.<\/p>\n<p>\u00ab\u00a0Nous assistons aujourd\u2019hui \u00e0 un plan pens\u00e9, con\u00e7u et qui est en train d\u2019\u00eatre mis \u00e0 \u00e9xecution et qui vise l\u2019assassinat politique de Yayi\u00a0\u00bb, a d\u00e9clar\u00e9 Me Renaud Agbodjo.<\/p>\n<p>Boni Yayi, qui a dirig\u00e9 le B\u00e9nin entre 2006 et 2016, et l\u2019actuel pr\u00e9sident Patrice Talon sont des ennemis de longue date.<\/p>\n<p>Patrice Talon, qui \u00e9tait dans l\u2019opposition avant d\u2019arriver au pouvoir en avril 2016, avait d\u2019ailleurs \u00e9t\u00e9 forc\u00e9 \u00e0 l\u2019exil par son pr\u00e9d\u00e9cesseur.<\/p>\n<p>D\u00e9but mai, la r\u00e9pression des manifestations par l\u2019arm\u00e9e avait d\u00e9j\u00e0 fait au moins quatre morts par balles selon Amnesty International et de nombreux bless\u00e9s \u00e0 travers le pays.<\/p>\n<p>Des ONG de d\u00e9fense des droits humains ont d\u00e9nonc\u00e9 le tournant autoritaire du pr\u00e9sident Patrice Talon dans un pays qui a longtemps \u00e9t\u00e9 consid\u00e9r\u00e9 comme un mod\u00e8le de d\u00e9mocratie en Afrique de l\u2019Ouest.<\/p>\n<\/div>\n<p>Auteur: AFP<br \/>\n<a href=\"https:\/\/www.journalducameroun.com\/panique-totale-dans-le-centre-du-benin-au-moins-deux-opposants-tues-30-policiers-blesses\/\">Cliquez ici pour lire l&rsquo;article depuis sa source.<\/a><\/p>\n","protected":false},"excerpt":{"rendered":"<p>Publi\u00e9 le 15.06.2019 \u00e0 19h50 par AFP Plusieurs civils ont \u00e9t\u00e9 tu\u00e9s par balles et une trentaine de policiers ont \u00e9t\u00e9 bless\u00e9s, dans les violences qui provoquent \u00ab\u00a0une panique totale\u00a0\u00bb dans le centre du B\u00e9nin depuis cinq jours, sur fond de rivalit\u00e9 entre l\u2019actuel pr\u00e9sident Patrice Talon et son pr\u00e9decesseur Thomas Boni Yayi. Au moins [&hellip;]<\/p>\n","protected":false},"author":1965,"featured_media":0,"comment_status":"closed","ping_status":"closed","sticky":false,"template":"","format":"standard","meta":{"fifu_image_url":"","fifu_image_alt":"","footnotes":""},"categories":[73,82],"tags":[],"class_list":["post-40841","post","type-post","status-publish","format-standard","hentry","category-actualite","category-cameroun"],"_links":{"self":[{"href":"https:\/\/linitiative.ca\/International\/wp-json\/wp\/v2\/posts\/40841","targetHints":{"allow":["GET"]}}],"collection":[{"href":"https:\/\/linitiative.ca\/International\/wp-json\/wp\/v2\/posts"}],"about":[{"href":"https:\/\/linitiative.ca\/International\/wp-json\/wp\/v2\/types\/post"}],"author":[{"embeddable":true,"href":"https:\/\/linitiative.ca\/International\/wp-json\/wp\/v2\/users\/1965"}],"replies":[{"embeddable":true,"href":"https:\/\/linitiative.ca\/International\/wp-json\/wp\/v2\/comments?post=40841"}],"version-history":[{"count":0,"href":"https:\/\/linitiative.ca\/International\/wp-json\/wp\/v2\/posts\/40841\/revisions"}],"wp:attachment":[{"href":"https:\/\/linitiative.ca\/International\/wp-json\/wp\/v2\/media?parent=40841"}],"wp:term":[{"taxonomy":"category","embeddable":true,"href":"https:\/\/linitiative.ca\/International\/wp-json\/wp\/v2\/categories?post=40841"},{"taxonomy":"post_tag","embeddable":true,"href":"https:\/\/linitiative.ca\/International\/wp-json\/wp\/v2\/tags?post=40841"}],"curies":[{"name":"wp","href":"https:\/\/api.w.org\/{rel}","templated":true}]}}