{"id":40843,"date":"2019-06-15T15:18:03","date_gmt":"2019-06-15T19:18:03","guid":{"rendered":"https:\/\/linitiative.ca\/International\/la-beac-salue-lamelioration-de-la-competitivite-prix-des-economies-de-la-cemac\/"},"modified":"2019-06-15T15:18:03","modified_gmt":"2019-06-15T19:18:03","slug":"la-beac-salue-lamelioration-de-la-competitivite-prix-des-economies-de-la-cemac","status":"publish","type":"post","link":"https:\/\/linitiative.ca\/International\/la-beac-salue-lamelioration-de-la-competitivite-prix-des-economies-de-la-cemac\/","title":{"rendered":"La Beac salue l\u2019am\u00e9lioration de la comp\u00e9titivit\u00e9 prix des \u00e9conomies de la Cemac"},"content":{"rendered":"<div readability=\"32\">\n<p>Publi\u00e9 le 15.06.2019 \u00e0 20h18 par APA News<\/p>\n<\/div>\n<div readability=\"105\">\n<p>La comp\u00e9titivit\u00e9-prix des \u00e9conomies de la Communaut\u00e9 \u00e9conomique et mon\u00e9taire de l\u2019Afrique centrale (Cemac), appr\u00e9ci\u00e9e \u00e0 partir de l\u2019\u00e9volution du taux de change effectif r\u00e9el (Tcer) global, qui a baiss\u00e9 de l\u2019ordre de 2,4% par rapport au dernier trimestre 2018, s\u2019est am\u00e9lior\u00e9e au cours des trois mois suivants sous l\u2019effet d\u2019une d\u00e9pr\u00e9ciation du taux de change effectif nominal, renforc\u00e9e par un taux d\u2019inflation moins \u00e9lev\u00e9 dans la sous-r\u00e9gion que chez ses concurrents et partenaires, selon le dernier rapport de la Banque centrale (Beac) parvenu samedi \u00e0 APA.Le gain de positions concurrentielles, sur les march\u00e9s internationaux des \u00e9conomies de la sous-r\u00e9gion, par rapport au 4\u00e8me trimestre 2018, d\u00e9coule de gains de positions sur le front des importations (-2,4%) et des exportations (-2,2%), la baisse du taux de change effectif nominal ayant induit une progression de la comp\u00e9titivit\u00e9-prix des produits export\u00e9s ainsi qu\u2019une d\u00e9t\u00e9rioration de celle des biens import\u00e9s.<\/p>\n<p>La Beac souligne, en outre, le niveau faible de l\u2019inflation sous-r\u00e9gionale par rapport \u00e0 ses concurrents et partenaires, ayant entra\u00een\u00e9 une am\u00e9lioration de la comp\u00e9titivit\u00e9-prix des produits domestiques par rapport aux produits fabriqu\u00e9s \u00e0 l\u2019\u00e9tranger.<\/p>\n<p>Il est relev\u00e9, au cours de la p\u00e9riode sous revue, que le franc CFA s\u2019est d\u00e9pr\u00e9ci\u00e9 en terme r\u00e9el vis-\u00e0-vis du dollar (-2,0%), du yuan (-5,0%), de la livre sterling (-2,7%) et de l\u2019euro (-0,5%), le Tcen s\u2019inscrivant en baisse de 0,7% au 1er trimestre 2019 comme au trimestre pr\u00e9c\u00e9dent.<\/p>\n<p>Selon le rapport de la Banque centrale, les exportations de la Cemac demeurent domin\u00e9es \u00e0 plus de 70% par le p\u00e9trole brut, le Tcer hors p\u00e9trole et gaz naturels, qui s\u2019est d\u00e9pr\u00e9ci\u00e9 de 2,4%, d\u00e9passant le Tcer p\u00e9trole et gaz inclus ayant sensiblement recul\u00e9 de 19,5%, toute chose qui induit un gain de positions concurrentielles des \u00e9conomies sous-r\u00e9gionales, qui s\u2019av\u00e8re sup\u00e9rieur lorsqu\u2019on inclut les exportations de p\u00e9trole brut et de gaz naturels dans l\u2019analyse.<\/p>\n<p>Globalement, entre le 4\u00e8me trimestre 2018 et le 1er trimestre 2019, le Tcer des exportations a recul\u00e9 de 2,2%, apr\u00e8s une hausse de 1,8% la p\u00e9riode pr\u00e9c\u00e9dente, une \u00e9volution \u00e0 mettre en relation avec une l\u00e9g\u00e8re d\u00e9pr\u00e9ciation des taux de change bilat\u00e9raux avec la plupart des concurrents, la Beac notant en outre que le faible niveau d\u2019inflation dans la Cemac, compar\u00e9 \u00e0 celui de la plupart des concurrents, a \u00e9galement contribu\u00e9 \u00e0 la d\u00e9pr\u00e9ciation du Tcer des exportations.<\/p>\n<p>Selon le rapport \u00abAfrica\u2019s Pulse\u00bb de la Banque mondiale d\u00e9di\u00e9 \u00e0 la conjoncture \u00e9conomique africaine, publi\u00e9 en avril dernier, le redressement \u00e9conomique de la Cemac \u00abse poursuit, mais demeure fragile, les r\u00e9formes destin\u00e9es \u00e0 r\u00e9duire les d\u00e9s\u00e9quilibres budg\u00e9taires et ext\u00e9rieurs ayant marqu\u00e9 le pas dans certains pays\u00bb que sont le Congo-Brazzaville et la Guin\u00e9e \u00c9quatoriale, qui tra\u00eenent \u00e0 conclure des programmes de r\u00e9formes \u00e9conomiques avec le Fonds mon\u00e9taire international (FMI).<\/p>\n<\/div>\n<p>Auteur: APA News<br \/>\n<a href=\"https:\/\/www.journalducameroun.com\/la-beac-salue-lamelioration-de-la-competitivite-prix-des-economies-de-la-cemac\/\">Cliquez ici pour lire l&rsquo;article depuis sa source.<\/a><\/p>\n","protected":false},"excerpt":{"rendered":"<p>Publi\u00e9 le 15.06.2019 \u00e0 20h18 par APA News La comp\u00e9titivit\u00e9-prix des \u00e9conomies de la Communaut\u00e9 \u00e9conomique et mon\u00e9taire de l\u2019Afrique centrale (Cemac), appr\u00e9ci\u00e9e \u00e0 partir de l\u2019\u00e9volution du taux de change effectif r\u00e9el (Tcer) global, qui a baiss\u00e9 de l\u2019ordre de 2,4% par rapport au dernier trimestre 2018, s\u2019est am\u00e9lior\u00e9e au cours des trois mois [&hellip;]<\/p>\n","protected":false},"author":1965,"featured_media":0,"comment_status":"closed","ping_status":"closed","sticky":false,"template":"","format":"standard","meta":{"fifu_image_url":"","fifu_image_alt":"","footnotes":""},"categories":[73,82],"tags":[],"class_list":["post-40843","post","type-post","status-publish","format-standard","hentry","category-actualite","category-cameroun"],"_links":{"self":[{"href":"https:\/\/linitiative.ca\/International\/wp-json\/wp\/v2\/posts\/40843","targetHints":{"allow":["GET"]}}],"collection":[{"href":"https:\/\/linitiative.ca\/International\/wp-json\/wp\/v2\/posts"}],"about":[{"href":"https:\/\/linitiative.ca\/International\/wp-json\/wp\/v2\/types\/post"}],"author":[{"embeddable":true,"href":"https:\/\/linitiative.ca\/International\/wp-json\/wp\/v2\/users\/1965"}],"replies":[{"embeddable":true,"href":"https:\/\/linitiative.ca\/International\/wp-json\/wp\/v2\/comments?post=40843"}],"version-history":[{"count":0,"href":"https:\/\/linitiative.ca\/International\/wp-json\/wp\/v2\/posts\/40843\/revisions"}],"wp:attachment":[{"href":"https:\/\/linitiative.ca\/International\/wp-json\/wp\/v2\/media?parent=40843"}],"wp:term":[{"taxonomy":"category","embeddable":true,"href":"https:\/\/linitiative.ca\/International\/wp-json\/wp\/v2\/categories?post=40843"},{"taxonomy":"post_tag","embeddable":true,"href":"https:\/\/linitiative.ca\/International\/wp-json\/wp\/v2\/tags?post=40843"}],"curies":[{"name":"wp","href":"https:\/\/api.w.org\/{rel}","templated":true}]}}