{"id":40845,"date":"2019-06-15T17:18:03","date_gmt":"2019-06-15T21:18:03","guid":{"rendered":"https:\/\/linitiative.ca\/International\/sahara-le-salvador-retire-sa-reconnaissance-de-la-fantomatique-rasd\/"},"modified":"2019-06-15T17:18:03","modified_gmt":"2019-06-15T21:18:03","slug":"sahara-le-salvador-retire-sa-reconnaissance-de-la-fantomatique-rasd","status":"publish","type":"post","link":"https:\/\/linitiative.ca\/International\/sahara-le-salvador-retire-sa-reconnaissance-de-la-fantomatique-rasd\/","title":{"rendered":"Sahara : Le Salvador retire sa reconnaissance de la fantomatique \u00ab RASD \u00bb"},"content":{"rendered":"<div readability=\"32\">\n<p>Publi\u00e9 le 15.06.2019 \u00e0 22h18 par APA News<\/p>\n<\/div>\n<div readability=\"52\">\n<p>Le Salvador a retir\u00e9 sa reconnaissance de la pseudo \u00ab R\u00e9publique sahraoui \u00bb, et de d\u00e9cid\u00e9 de soutenir l\u2019int\u00e9grit\u00e9 territoriale du Maroc, a annonc\u00e9 samedi le gouvernement salvadorien.\u00ab Le Gouvernement du Salvador informe le Gouvernement du Royaume du Maroc de sa d\u00e9cision de retirer sa reconnaissance de la \u00ab\u00a0RASD\u00a0\u00bb et de rompre tout contact avec cette entit\u00e9 \u00bb, a annonc\u00e9 le gouvernement salvadorien dans un communiqu\u00e9 conjoint sign\u00e9 par le ministre des Affaires \u00e9trang\u00e8res et de la coop\u00e9ration internationale, M. Nasser Bourita et son homologue salvadorienne Alexandra Hill Tinoco, en pr\u00e9sence du pr\u00e9sident du Salvador, Nayib Bukele.<\/p>\n<p>\u00ab Cette d\u00e9cision sera notifi\u00e9e \u00e0 l\u2019Organisation des Nations Unies et aux Organisations r\u00e9gionales concern\u00e9es \u00bb, souligne le communiqu\u00e9 conjoint.<\/p>\n<p>De m\u00eame, \u00ab le Gouvernement du Salvador soutient l\u2019int\u00e9grit\u00e9 territoriale du Royaume du Maroc et sa souverainet\u00e9 nationale, ainsi que son initiative d\u2019autonomie comme seule solution \u00e0 ce diff\u00e9rend r\u00e9gional \u00bb, conclut le communiqu\u00e9 conjoint.<\/p>\n<\/div>\n<p>Auteur: APA News<br \/>\n<a href=\"https:\/\/www.journalducameroun.com\/sahara-le-salvador-retire-sa-reconnaissance-de-la-fantomatique-rasd\/\">Cliquez ici pour lire l&rsquo;article depuis sa source.<\/a><\/p>\n","protected":false},"excerpt":{"rendered":"<p>Publi\u00e9 le 15.06.2019 \u00e0 22h18 par APA News Le Salvador a retir\u00e9 sa reconnaissance de la pseudo \u00ab R\u00e9publique sahraoui \u00bb, et de d\u00e9cid\u00e9 de soutenir l\u2019int\u00e9grit\u00e9 territoriale du Maroc, a annonc\u00e9 samedi le gouvernement salvadorien.\u00ab Le Gouvernement du Salvador informe le Gouvernement du Royaume du Maroc de sa d\u00e9cision de retirer sa reconnaissance de [&hellip;]<\/p>\n","protected":false},"author":1965,"featured_media":0,"comment_status":"closed","ping_status":"closed","sticky":false,"template":"","format":"standard","meta":{"fifu_image_url":"","fifu_image_alt":"","footnotes":""},"categories":[73,82],"tags":[],"class_list":["post-40845","post","type-post","status-publish","format-standard","hentry","category-actualite","category-cameroun"],"_links":{"self":[{"href":"https:\/\/linitiative.ca\/International\/wp-json\/wp\/v2\/posts\/40845","targetHints":{"allow":["GET"]}}],"collection":[{"href":"https:\/\/linitiative.ca\/International\/wp-json\/wp\/v2\/posts"}],"about":[{"href":"https:\/\/linitiative.ca\/International\/wp-json\/wp\/v2\/types\/post"}],"author":[{"embeddable":true,"href":"https:\/\/linitiative.ca\/International\/wp-json\/wp\/v2\/users\/1965"}],"replies":[{"embeddable":true,"href":"https:\/\/linitiative.ca\/International\/wp-json\/wp\/v2\/comments?post=40845"}],"version-history":[{"count":0,"href":"https:\/\/linitiative.ca\/International\/wp-json\/wp\/v2\/posts\/40845\/revisions"}],"wp:attachment":[{"href":"https:\/\/linitiative.ca\/International\/wp-json\/wp\/v2\/media?parent=40845"}],"wp:term":[{"taxonomy":"category","embeddable":true,"href":"https:\/\/linitiative.ca\/International\/wp-json\/wp\/v2\/categories?post=40845"},{"taxonomy":"post_tag","embeddable":true,"href":"https:\/\/linitiative.ca\/International\/wp-json\/wp\/v2\/tags?post=40845"}],"curies":[{"name":"wp","href":"https:\/\/api.w.org\/{rel}","templated":true}]}}