{"id":40846,"date":"2019-06-15T17:18:07","date_gmt":"2019-06-15T21:18:07","guid":{"rendered":"https:\/\/linitiative.ca\/International\/tchad-creation-dune-nouvelle-coordination-generale-de-lopposition\/"},"modified":"2019-06-15T17:18:07","modified_gmt":"2019-06-15T21:18:07","slug":"tchad-creation-dune-nouvelle-coordination-generale-de-lopposition","status":"publish","type":"post","link":"https:\/\/linitiative.ca\/International\/tchad-creation-dune-nouvelle-coordination-generale-de-lopposition\/","title":{"rendered":"Tchad: cr\u00e9ation d\u2019une nouvelle coordination g\u00e9n\u00e9rale de l\u2019opposition"},"content":{"rendered":"<div readability=\"32\">\n<p>Publi\u00e9 le 15.06.2019 \u00e0 22h18 par APA News<\/p>\n<\/div>\n<div readability=\"57\">\n<p>Des partis politiques tchadiens, r\u00e9unis samedi en pl\u00e9ni\u00e8re, ont cr\u00e9e une nouvelle Coordination g\u00e9n\u00e9rale de l\u2019opposition (CGO), dont le coordonnateur est le d\u00e9put\u00e9 Saleh Kebzabo.Contact\u00e9 par APA, le premier rapporteur de la CGO, le d\u00e9put\u00e9 Cl\u00e9ment Djimet Bagaou a fait savoir que 90% des partis politiques de l\u2019opposition sont dans la nouvelle structure.\u00a0<\/p>\n<p>\u00ab Cette coordination englobe la majorit\u00e9 de regroupements des partis de l\u2019opposition. L\u2019objectif est d\u2019avoir une synergie d\u2019action, parler d\u2019une seule voix, travailler en synergie et surtout avoir un cadre de toute de l\u2019opposition pour se retrouver facilement \u00bb, a-t-il expliqu\u00e9.\u00a0<\/p>\n<p>Il a ajout\u00e9: \u00ab Nous ne voulons pas continuer dans la division de regroupements des partis politiques de l\u2019opposition. On a eu trop de division en oubliant m\u00eame qu\u2019on devrait travailler ensemble pour le bien-\u00eatre de la population \u00bb.<\/p>\n<p>Le nouveau chef de file de l\u2019opposition, Felix Romadoumngar Nialb\u00e9 a affirm\u00e9 que \u00ab l\u2019opposition d\u00e9mocratique tchadienne ne saurait \u00eatre un d\u00e9mon \u00e0 deux ou trois t\u00eates \u00bb.<\/p>\n<p>La nouvelle Coordination g\u00e9n\u00e9rale de l\u2019opposition est dirig\u00e9e par un bureau de cinq membres.\u00a0<\/p>\n<\/div>\n<p>Auteur: APA News<br \/>\n<a href=\"https:\/\/www.journalducameroun.com\/tchad-creation-dune-nouvelle-coordination-generale-de-lopposition\/\">Cliquez ici pour lire l&rsquo;article depuis sa source.<\/a><\/p>\n","protected":false},"excerpt":{"rendered":"<p>Publi\u00e9 le 15.06.2019 \u00e0 22h18 par APA News Des partis politiques tchadiens, r\u00e9unis samedi en pl\u00e9ni\u00e8re, ont cr\u00e9e une nouvelle Coordination g\u00e9n\u00e9rale de l\u2019opposition (CGO), dont le coordonnateur est le d\u00e9put\u00e9 Saleh Kebzabo.Contact\u00e9 par APA, le premier rapporteur de la CGO, le d\u00e9put\u00e9 Cl\u00e9ment Djimet Bagaou a fait savoir que 90% des partis politiques de [&hellip;]<\/p>\n","protected":false},"author":1965,"featured_media":0,"comment_status":"closed","ping_status":"closed","sticky":false,"template":"","format":"standard","meta":{"fifu_image_url":"","fifu_image_alt":"","footnotes":""},"categories":[73,82],"tags":[],"class_list":["post-40846","post","type-post","status-publish","format-standard","hentry","category-actualite","category-cameroun"],"_links":{"self":[{"href":"https:\/\/linitiative.ca\/International\/wp-json\/wp\/v2\/posts\/40846","targetHints":{"allow":["GET"]}}],"collection":[{"href":"https:\/\/linitiative.ca\/International\/wp-json\/wp\/v2\/posts"}],"about":[{"href":"https:\/\/linitiative.ca\/International\/wp-json\/wp\/v2\/types\/post"}],"author":[{"embeddable":true,"href":"https:\/\/linitiative.ca\/International\/wp-json\/wp\/v2\/users\/1965"}],"replies":[{"embeddable":true,"href":"https:\/\/linitiative.ca\/International\/wp-json\/wp\/v2\/comments?post=40846"}],"version-history":[{"count":0,"href":"https:\/\/linitiative.ca\/International\/wp-json\/wp\/v2\/posts\/40846\/revisions"}],"wp:attachment":[{"href":"https:\/\/linitiative.ca\/International\/wp-json\/wp\/v2\/media?parent=40846"}],"wp:term":[{"taxonomy":"category","embeddable":true,"href":"https:\/\/linitiative.ca\/International\/wp-json\/wp\/v2\/categories?post=40846"},{"taxonomy":"post_tag","embeddable":true,"href":"https:\/\/linitiative.ca\/International\/wp-json\/wp\/v2\/tags?post=40846"}],"curies":[{"name":"wp","href":"https:\/\/api.w.org\/{rel}","templated":true}]}}